{"id":120152,"date":"2025-06-05T19:36:07","date_gmt":"2025-06-05T22:36:07","guid":{"rendered":"https:\/\/blogdoedvaldomagalhaes.com.br\/?p=120152"},"modified":"2025-06-05T19:36:07","modified_gmt":"2025-06-05T22:36:07","slug":"prefeito-rodrigo-pinheiro-visita-smart-sampa-em-sao-paulo-para-trazer-mais-avancos-na-seguranca-e-na-mobilidade-para-caruaru","status":"publish","type":"post","link":"https:\/\/blogdoedvaldomagalhaes.com.br\/index.php\/2025\/06\/05\/prefeito-rodrigo-pinheiro-visita-smart-sampa-em-sao-paulo-para-trazer-mais-avancos-na-seguranca-e-na-mobilidade-para-caruaru\/","title":{"rendered":"Prefeito Rodrigo Pinheiro visita Smart Sampa, em S\u00e3o Paulo, para trazer mais avan\u00e7os na seguran\u00e7a e na mobilidade para Caruaru"},"content":{"rendered":"<p>_Representantes da Secretaria de Seguran\u00e7a Municipal e da Autarquia de Mobilidade estiveram presentes na visita_<\/p>\n<p>O prefeito Rodrigo Pinheiro visitou, nesta quinta-feira (5), a sede do Smart Sampa, em S\u00e3o Paulo, com o objetivo de trazer ainda mais avan\u00e7os na seguran\u00e7a e na mobilidade para Caruaru. <\/p>\n<p>\u201cA intelig\u00eancia e o videomonitoramento est\u00e3o a favor da cidadania e da seguran\u00e7a da popula\u00e7\u00e3o. No Smart Sampa, pudemos compartilhar experi\u00eancias, em que muitas delas j\u00e1 temos em pr\u00e1tica na nossa cidade. Caruaru vai nesse ritmo de aumento de investimento na \u00e1rea de seguran\u00e7a, de videomonitoramento, de cidadania, de intelig\u00eancia. A gente segue avan\u00e7ando na seguran\u00e7a, na nossa mobilidade e no cuidado com as pessoas\u201d, disse o prefeito. <\/p>\n<p>Estiveram ao lado do gestor municipal o secret\u00e1rio de Comunica\u00e7\u00e3o, Thiago Azevedo; o secret\u00e1rio de Seguran\u00e7a, coronel Patr\u00edcio Filho; o secret\u00e1rio de Desenvolvimento Econ\u00f4mico, Turismo e Economia Criativa, Jailme Anselmo; o presidente da Autarquia e Mobilidade, Edson N\u00f3brega; e o gerente do Centro Integrado de Monitoramento, Ravi Lucas. <\/p>\n<p>O Smart Sampa \u00e9 o maior sistema de monitoramento de seguran\u00e7a da Am\u00e9rica Latina, que usa o reconhecimento facial de c\u00e2meras inteligentes para identificar casos de viol\u00eancia urbana e foragidos da pol\u00edcia, al\u00e9m de ajudar a encontrar pessoas desaparecidas.<br \/>\nSeja seguidor do Instagram do Blog pelo @blogdoedvaldomagalhaes<br \/>\nFoto: Divulga\u00e7\u00e3o <\/p>\n","protected":false},"excerpt":{"rendered":"<p>_Representantes da Secretaria de Seguran\u00e7a Municipal e da Autarquia de Mobilidade estiveram presentes na visita_ O prefeito Rodrigo Pinheiro visitou,&hellip;<\/p>\n","protected":false},"author":1,"featured_media":120153,"comment_status":"closed","ping_status":"open","sticky":false,"template":"","format":"standard","meta":{"footnotes":""},"categories":[14122],"tags":[28803,27410,13146,28801,20,1766],"class_list":["post-120152","post","type-post","status-publish","format-standard","has-post-thumbnail","hentry","category-politica","tag-blog-com-mais-visualizacoes","tag-blog-de-caruaru","tag-blog-edvaldo-magalhaes","tag-blog-mais-acessado","tag-politica","tag-rodrigo-pinheiro"],"_links":{"self":[{"href":"https:\/\/blogdoedvaldomagalhaes.com.br\/index.php\/wp-json\/wp\/v2\/posts\/120152","targetHints":{"allow":["GET"]}}],"collection":[{"href":"https:\/\/blogdoedvaldomagalhaes.com.br\/index.php\/wp-json\/wp\/v2\/posts"}],"about":[{"href":"https:\/\/blogdoedvaldomagalhaes.com.br\/index.php\/wp-json\/wp\/v2\/types\/post"}],"author":[{"embeddable":true,"href":"https:\/\/blogdoedvaldomagalhaes.com.br\/index.php\/wp-json\/wp\/v2\/users\/1"}],"replies":[{"embeddable":true,"href":"https:\/\/blogdoedvaldomagalhaes.com.br\/index.php\/wp-json\/wp\/v2\/comments?post=120152"}],"version-history":[{"count":1,"href":"https:\/\/blogdoedvaldomagalhaes.com.br\/index.php\/wp-json\/wp\/v2\/posts\/120152\/revisions"}],"predecessor-version":[{"id":120154,"href":"https:\/\/blogdoedvaldomagalhaes.com.br\/index.php\/wp-json\/wp\/v2\/posts\/120152\/revisions\/120154"}],"wp:featuredmedia":[{"embeddable":true,"href":"https:\/\/blogdoedvaldomagalhaes.com.br\/index.php\/wp-json\/wp\/v2\/media\/120153"}],"wp:attachment":[{"href":"https:\/\/blogdoedvaldomagalhaes.com.br\/index.php\/wp-json\/wp\/v2\/media?parent=120152"}],"wp:term":[{"taxonomy":"category","embeddable":true,"href":"https:\/\/blogdoedvaldomagalhaes.com.br\/index.php\/wp-json\/wp\/v2\/categories?post=120152"},{"taxonomy":"post_tag","embeddable":true,"href":"https:\/\/blogdoedvaldomagalhaes.com.br\/index.php\/wp-json\/wp\/v2\/tags?post=120152"}],"curies":[{"name":"wp","href":"https:\/\/api.w.org\/{rel}","templated":true}]}}