{"id":120149,"date":"2025-06-05T19:26:21","date_gmt":"2025-06-05T22:26:21","guid":{"rendered":"https:\/\/blogdoedvaldomagalhaes.com.br\/?p=120149"},"modified":"2025-06-05T19:26:21","modified_gmt":"2025-06-05T22:26:21","slug":"vereador-jorge-quintino-apresenta-proposta-para-levar-a-cultura-de-caruaru-as-ondas-do-radio-da-tv-e-das-redes-sociais","status":"publish","type":"post","link":"https:\/\/blogdoedvaldomagalhaes.com.br\/index.php\/2025\/06\/05\/vereador-jorge-quintino-apresenta-proposta-para-levar-a-cultura-de-caruaru-as-ondas-do-radio-da-tv-e-das-redes-sociais\/","title":{"rendered":"Vereador Jorge Quintino apresenta proposta para levar a cultura de Caruaru \u00e0s ondas do r\u00e1dio, da TV e das redes sociais"},"content":{"rendered":"<p>Valorizar a cultura caruaruense, fortalecer as tradi\u00e7\u00f5es locais e dar visibilidade aos nossos artistas: \u00e9 com esse prop\u00f3sito que o vereador Jorge Quintino apresentou um anteprojeto de lei que institui a Pol\u00edtica Municipal de Incentivo \u00e0 Transmiss\u00e3o de Eventos Culturais. A ideia \u00e9 simples, mas poderosa: garantir que os eventos culturais realizados em Caruaru sejam amplamente divulgados por meio de parcerias com emissoras de r\u00e1dio, televis\u00e3o e plataformas digitais.<\/p>\n<p>\u201cA cultura precisa ser sentida, vivida e, sobretudo, compartilhada. N\u00e3o faz sentido termos uma cidade t\u00e3o rica em express\u00f5es populares e n\u00e3o garantir que todos os caruaruenses \u2013 seja na zona urbana ou rural \u2013 tenham acesso a isso\u201d, defende o parlamentar.<\/p>\n<p>O anteprojeto prop\u00f5e a celebra\u00e7\u00e3o de contratos de coopera\u00e7\u00e3o com meios de comunica\u00e7\u00e3o p\u00fablicos e privados para viabilizar transmiss\u00f5es gratuitas ou subsidiadas de festas tradicionais, celebra\u00e7\u00f5es populares e apresenta\u00e7\u00f5es art\u00edsticas. Al\u00e9m disso, incentiva a cria\u00e7\u00e3o de plataformas digitais do pr\u00f3prio munic\u00edpio e editais voltados para a produ\u00e7\u00e3o audiovisual de conte\u00fado cultural.<\/p>\n<p>Com isso, Jorge Quintino pretende n\u00e3o apenas ampliar o acesso da popula\u00e7\u00e3o \u00e0 cultura local, mas tamb\u00e9m fortalecer a identidade de Caruaru como capital da cultura nordestina. \u201c\u00c9 uma forma de democratizar o acesso e, ao mesmo tempo, gerar oportunidades para os artistas e produtores locais\u201d, refor\u00e7a o vereador.<\/p>\n<p>A proposta agora segue em tramita\u00e7\u00e3o na C\u00e2mara e promete abrir novas portas para a difus\u00e3o cultural em nossa cidade. Porque cultura boa \u00e9 cultura que chega a todo mundo.<br \/>\nSiga o Instagram do Blog pelo @blogdoedvaldomagalhaes<br \/>\nFoto: Vladimir Barreto <\/p>\n","protected":false},"excerpt":{"rendered":"<p>Valorizar a cultura caruaruense, fortalecer as tradi\u00e7\u00f5es locais e dar visibilidade aos nossos artistas: \u00e9 com esse prop\u00f3sito que o&hellip;<\/p>\n","protected":false},"author":1,"featured_media":120150,"comment_status":"closed","ping_status":"open","sticky":false,"template":"","format":"standard","meta":{"footnotes":""},"categories":[14122],"tags":[29440,27410,2,28801,20],"class_list":["post-120149","post","type-post","status-publish","format-standard","has-post-thumbnail","hentry","category-politica","tag-blog-com-mais-visualizacao","tag-blog-de-caruaru","tag-blog-do-edvaldo-magalhaes","tag-blog-mais-acessado","tag-politica"],"_links":{"self":[{"href":"https:\/\/blogdoedvaldomagalhaes.com.br\/index.php\/wp-json\/wp\/v2\/posts\/120149","targetHints":{"allow":["GET"]}}],"collection":[{"href":"https:\/\/blogdoedvaldomagalhaes.com.br\/index.php\/wp-json\/wp\/v2\/posts"}],"about":[{"href":"https:\/\/blogdoedvaldomagalhaes.com.br\/index.php\/wp-json\/wp\/v2\/types\/post"}],"author":[{"embeddable":true,"href":"https:\/\/blogdoedvaldomagalhaes.com.br\/index.php\/wp-json\/wp\/v2\/users\/1"}],"replies":[{"embeddable":true,"href":"https:\/\/blogdoedvaldomagalhaes.com.br\/index.php\/wp-json\/wp\/v2\/comments?post=120149"}],"version-history":[{"count":1,"href":"https:\/\/blogdoedvaldomagalhaes.com.br\/index.php\/wp-json\/wp\/v2\/posts\/120149\/revisions"}],"predecessor-version":[{"id":120151,"href":"https:\/\/blogdoedvaldomagalhaes.com.br\/index.php\/wp-json\/wp\/v2\/posts\/120149\/revisions\/120151"}],"wp:featuredmedia":[{"embeddable":true,"href":"https:\/\/blogdoedvaldomagalhaes.com.br\/index.php\/wp-json\/wp\/v2\/media\/120150"}],"wp:attachment":[{"href":"https:\/\/blogdoedvaldomagalhaes.com.br\/index.php\/wp-json\/wp\/v2\/media?parent=120149"}],"wp:term":[{"taxonomy":"category","embeddable":true,"href":"https:\/\/blogdoedvaldomagalhaes.com.br\/index.php\/wp-json\/wp\/v2\/categories?post=120149"},{"taxonomy":"post_tag","embeddable":true,"href":"https:\/\/blogdoedvaldomagalhaes.com.br\/index.php\/wp-json\/wp\/v2\/tags?post=120149"}],"curies":[{"name":"wp","href":"https:\/\/api.w.org\/{rel}","templated":true}]}}