{"id":1201,"date":"2018-09-26T23:41:00","date_gmt":"2018-09-27T02:41:00","guid":{"rendered":"http:\/\/blogdoedvaldomagalhaes.com.br\/index.php\/2018\/09\/26\/prefeitura-de-caruaru-divulga\/"},"modified":"2019-02-09T02:32:33","modified_gmt":"2019-02-09T04:32:33","slug":"prefeitura-de-caruaru-divulga","status":"publish","type":"post","link":"https:\/\/blogdoedvaldomagalhaes.com.br\/index.php\/2018\/09\/26\/prefeitura-de-caruaru-divulga\/","title":{"rendered":"Prefeitura de Caruaru divulga cal\u00e7amento de 43 ruas"},"content":{"rendered":"<div class=\"separator\" style=\"clear: both; text-align: center;\">\n<a href=\"https:\/\/2.bp.blogspot.com\/-eUVvHLTMf_4\/W6wYxjaze9I\/AAAAAAAA6uY\/VnUHPOjb9KUTUPiljsCKjd-gtuGBCeN2gCLcBGAs\/s1600\/01.jpeg\" imageanchor=\"1\" style=\"margin-left: 1em; margin-right: 1em;\"><img loading=\"lazy\" decoding=\"async\" border=\"0\" data-original-height=\"960\" data-original-width=\"1280\" height=\"480\" src=\"http:\/\/blogdoedvaldomagalhaes.com.br\/wp-content\/uploads\/2018\/09\/01.jpeg\" width=\"640\" \/><\/a><\/div>\n<div style=\"text-align: justify;\">\n<\/div>\n<div style=\"text-align: justify;\">\nA Prefeitura de Caruaru, por meio da Secretaria de Urbanismo e Obras (Seurb), segue realizando obras de cal\u00e7amento em diversos bairros da cidade e zona rural de Caruaru. Com obras iniciadas desde o in\u00edcio da gest\u00e3o, a cidade j\u00e1 recebeu um total de 43 vias totalmente cal\u00e7adas, sendo 22 ruas no ano de 2017 e 21 j\u00e1 finalizadas em 2018.<\/div>\n<div style=\"text-align: justify;\">\n<\/div>\n<div class=\"separator\" style=\"clear: both; text-align: center;\">\n<a href=\"https:\/\/3.bp.blogspot.com\/-AFnm0FIPbsY\/W6wZKb3r38I\/AAAAAAAA6ug\/PVsKGqOC_0YwXNCJAQKrSE6brPf48SQ1gCLcBGAs\/s1600\/02.jpeg\" imageanchor=\"1\" style=\"margin-left: 1em; margin-right: 1em;\"><img loading=\"lazy\" decoding=\"async\" border=\"0\" data-original-height=\"960\" data-original-width=\"1280\" height=\"480\" src=\"http:\/\/blogdoedvaldomagalhaes.com.br\/wp-content\/uploads\/2018\/09\/02.jpeg\" width=\"640\" \/><\/a><\/div>\n<p><\/p>\n<div style=\"text-align: justify;\">\n<\/div>\n<div style=\"text-align: justify;\">\nCom as execu\u00e7\u00f5es j\u00e1 conclu\u00eddas, em menos de dois anos, doze bairros foram contemplados, al\u00e9m de \u00e1rea na zona rural. Os servi\u00e7os se deram nas seguintes localidades: Jos\u00e9 Carlos de Oliveira, Maria Auxiliadora, Nova Caruaru, S\u00e3o Jo\u00e3o da Esc\u00f3cia, Cidade Jardim, Indian\u00f3polis, Deputado Jos\u00e9 Ant\u00f4nio Liberato, Alto do Moura, Universit\u00e1rio, Agamenon Magalh\u00e3es, Alto da Balan\u00e7a, Inocoop e Peladas , no 1\u00ba distrito. Com as obras finalizadas neste per\u00edodo, foram investidos ao total quase R$ 6 milh\u00f5es.<\/div>\n<div style=\"text-align: justify;\">\n<\/div>\n<div style=\"text-align: justify;\">\n<div class=\"separator\" style=\"clear: both; text-align: center;\">\n<a href=\"https:\/\/1.bp.blogspot.com\/-vZFdlMVzcDM\/W6wZTUKBEWI\/AAAAAAAA6uk\/F0QE9yYQJbcHuDDmcdq4hOtNn4XjdrRZgCLcBGAs\/s1600\/03.jpeg\" imageanchor=\"1\" style=\"margin-left: 1em; margin-right: 1em;\"><img loading=\"lazy\" decoding=\"async\" border=\"0\" data-original-height=\"768\" data-original-width=\"1024\" height=\"474\" src=\"http:\/\/blogdoedvaldomagalhaes.com.br\/wp-content\/uploads\/2018\/09\/03-1.jpeg\" width=\"640\" \/><\/a><\/div>\n<p><\/div>\n<div style=\"text-align: justify;\">\nOs servi\u00e7os de cal\u00e7amento seguem com obras em mais 18 vias, com execu\u00e7\u00f5es em dez bairros da zona urbana da cidade e mais duas \u00e1reas da zona rural, nas comunidades de Peladas e Cachoeira Seca. Para estas localidades ser\u00e3o investidos um montante de quase R$ 1,5 milh\u00e3o. A previs\u00e3o \u00e9 que at\u00e9 o fim do ano todas as ruas sejam entregues \u00e0 popula\u00e7\u00e3o.<\/div>\n<div style=\"text-align: justify;\">\n<\/div>\n<div style=\"text-align: justify;\">\nAinda para este ano de 2018, mais 28 ruas ter\u00e3o seus servi\u00e7os iniciados. As obras beneficiar\u00e3o mais oito bairros e uma localidade do 1\u00ba distrito, sendo eles: Petr\u00f3polis, Jo\u00e3o Mota, Fernando Lyra, Agamenon Magalh\u00e3es, Severino Afonso, Jos\u00e9 Carlos de Oliveira, Jos\u00e9 Ant\u00f4nio Liberato, Maria Auxiliadora e Peladas. Para estas novas vias ser\u00e3o investidos cerca de R$ 3,5 milh\u00f5es.<\/div>\n<div style=\"text-align: justify;\">\n<\/div>\n<div style=\"text-align: justify;\">\n<div class=\"separator\" style=\"clear: both; text-align: center;\">\n<a href=\"https:\/\/3.bp.blogspot.com\/-O2h4-3yZ_To\/W6wZfI-2gGI\/AAAAAAAA6us\/qG9GLcqjgDYLmb6BPSaTORk_FqKWRMsCQCLcBGAs\/s1600\/04.jpeg\" imageanchor=\"1\" style=\"margin-left: 1em; margin-right: 1em;\"><img loading=\"lazy\" decoding=\"async\" border=\"0\" data-original-height=\"1024\" data-original-width=\"768\" height=\"640\" src=\"http:\/\/blogdoedvaldomagalhaes.com.br\/wp-content\/uploads\/2018\/09\/04-1.jpeg\" width=\"474\" \/><\/a><\/div>\n<p><\/div>\n<div style=\"text-align: justify;\">\nConfira as ruas\/bairros com obras em andamento:<\/div>\n<div style=\"text-align: justify;\">\n<\/div>\n<div style=\"text-align: justify;\">\n1 \u2013 Avenida Nossa Senhora Aparecida &#8211; Campo Novo<\/div>\n<div style=\"text-align: justify;\">\n<\/div>\n<div style=\"text-align: justify;\">\n2- Rua Projetada Ita\u00fana \u2013 Agamenon Magalh\u00e3es<\/div>\n<div style=\"text-align: justify;\">\n<\/div>\n<div style=\"text-align: justify;\">\n3- Rua Renato Jos\u00e9 de Moura \u2013 Maria Auxiliadora<\/div>\n<div style=\"text-align: justify;\">\n<\/div>\n<div style=\"text-align: justify;\">\n4- Rua Dr. Pedro Eust\u00e1quio \u2013 S\u00e3o Jo\u00e3o da Esc\u00f3cia<\/div>\n<div style=\"text-align: justify;\">\n<\/div>\n<div style=\"text-align: justify;\">\n5- Rua S\u00e3o Jo\u00e3o da Esc\u00f3cia \u2013 S\u00e3o Jo\u00e3o da Esc\u00f3cia<\/div>\n<div style=\"text-align: justify;\">\n<\/div>\n<div style=\"text-align: justify;\">\n6- Rua 16 \u2013 Jardim Boa Vista<\/div>\n<div style=\"text-align: justify;\">\n<\/div>\n<div style=\"text-align: justify;\">\n7- Rua Jo\u00e3o Soares de Lira \u2013 Jardim Boa Vista<\/div>\n<div style=\"text-align: justify;\">\n<\/div>\n<div style=\"text-align: justify;\">\n8- Rua Professor Machadinho \u2013 Jardim Boa Vista<\/div>\n<div style=\"text-align: justify;\">\n<\/div>\n<div style=\"text-align: justify;\">\n9- Avenida Dois \u2013 Jardim Boa Vista<\/div>\n<div style=\"text-align: justify;\">\n<\/div>\n<div style=\"text-align: justify;\">\n10- Rua Correia de Lima Irm\u00e3o \u2013 Severino Afonso<\/div>\n<div style=\"text-align: justify;\">\n<\/div>\n<div style=\"text-align: justify;\">\n11- Rua Severino Ot\u00e1vio \u2013 Severino Afonso<\/div>\n<div style=\"text-align: justify;\">\n<\/div>\n<div style=\"text-align: justify;\">\n12- Rua Severino Paulo \u2013 Severino Afonso<\/div>\n<div style=\"text-align: justify;\">\n<\/div>\n<div style=\"text-align: justify;\">\n13- Rua Jos\u00e9 Clemente \u2013 Cachoeira Seca<\/div>\n<div style=\"text-align: justify;\">\n<\/div>\n<div style=\"text-align: justify;\">\n14- Rua Projetada 02 \u2013 Alto do Moura<\/div>\n<div style=\"text-align: justify;\">\n<\/div>\n<div style=\"text-align: justify;\">\n15- Rua Zumbi dos Palmares \u2013 Jos\u00e9 Ant\u00f4nio Liberato<\/div>\n<div style=\"text-align: justify;\">\n<\/div>\n<div style=\"text-align: justify;\">\n16- Rua Alto de Catola \u2013 Peladas<\/div>\n<div style=\"text-align: justify;\">\n<\/div>\n<div style=\"text-align: justify;\">\n17- Rua 50 \u2013 Cidade Jardim<\/div>\n<div style=\"text-align: justify;\">\n<\/div>\n<div style=\"text-align: justify;\">\n18 \u2013 Rua Dilson de Medeiros \u2013 Jos\u00e9 Ant\u00f4nio Liberato<\/p>\n<\/div>\n","protected":false},"excerpt":{"rendered":"<p>A Prefeitura de Caruaru, por meio da Secretaria de Urbanismo e Obras (Seurb), segue realizando obras de cal\u00e7amento em diversos&hellip;<\/p>\n","protected":false},"author":1,"featured_media":0,"comment_status":"open","ping_status":"open","sticky":false,"template":"","format":"standard","meta":{"footnotes":""},"categories":[1],"tags":[2,20,1160],"class_list":["post-1201","post","type-post","status-publish","format-standard","hentry","category-sem-categoria","tag-blog-do-edvaldo-magalhaes","tag-politica","tag-prefeitura-de-caruaru-divulga-calcamento-de-43-ruas"],"_links":{"self":[{"href":"https:\/\/blogdoedvaldomagalhaes.com.br\/index.php\/wp-json\/wp\/v2\/posts\/1201","targetHints":{"allow":["GET"]}}],"collection":[{"href":"https:\/\/blogdoedvaldomagalhaes.com.br\/index.php\/wp-json\/wp\/v2\/posts"}],"about":[{"href":"https:\/\/blogdoedvaldomagalhaes.com.br\/index.php\/wp-json\/wp\/v2\/types\/post"}],"author":[{"embeddable":true,"href":"https:\/\/blogdoedvaldomagalhaes.com.br\/index.php\/wp-json\/wp\/v2\/users\/1"}],"replies":[{"embeddable":true,"href":"https:\/\/blogdoedvaldomagalhaes.com.br\/index.php\/wp-json\/wp\/v2\/comments?post=1201"}],"version-history":[{"count":1,"href":"https:\/\/blogdoedvaldomagalhaes.com.br\/index.php\/wp-json\/wp\/v2\/posts\/1201\/revisions"}],"predecessor-version":[{"id":34400,"href":"https:\/\/blogdoedvaldomagalhaes.com.br\/index.php\/wp-json\/wp\/v2\/posts\/1201\/revisions\/34400"}],"wp:attachment":[{"href":"https:\/\/blogdoedvaldomagalhaes.com.br\/index.php\/wp-json\/wp\/v2\/media?parent=1201"}],"wp:term":[{"taxonomy":"category","embeddable":true,"href":"https:\/\/blogdoedvaldomagalhaes.com.br\/index.php\/wp-json\/wp\/v2\/categories?post=1201"},{"taxonomy":"post_tag","embeddable":true,"href":"https:\/\/blogdoedvaldomagalhaes.com.br\/index.php\/wp-json\/wp\/v2\/tags?post=1201"}],"curies":[{"name":"wp","href":"https:\/\/api.w.org\/{rel}","templated":true}]}}