{"id":120056,"date":"2025-06-02T13:05:42","date_gmt":"2025-06-02T16:05:42","guid":{"rendered":"https:\/\/blogdoedvaldomagalhaes.com.br\/?p=120056"},"modified":"2025-06-02T13:13:51","modified_gmt":"2025-06-02T16:13:51","slug":"bandeira-tarifaria-de-junho-sera-vermelha-saiba-como-economizar-energia-e-evitar-o-aumento-no-valor-da-conta","status":"publish","type":"post","link":"https:\/\/blogdoedvaldomagalhaes.com.br\/index.php\/2025\/06\/02\/bandeira-tarifaria-de-junho-sera-vermelha-saiba-como-economizar-energia-e-evitar-o-aumento-no-valor-da-conta\/","title":{"rendered":"Bandeira tarif\u00e1ria de junho ser\u00e1 vermelha. Saiba como economizar energia e evitar o aumento no valor da conta"},"content":{"rendered":"<p>_Aneel confirmou cobran\u00e7a adicional de R$ 4,46 para cada 100 kWh consumidos. Confira algumas orienta\u00e7\u00f5es da Neoenergia para n\u00e3o sentir o efeito da decis\u00e3o na fatura mensal_<\/p>\n<p>_*Recife, 2 de junho de 2025*_ &#8211; A Ag\u00eancia Nacional de Energia El\u00e9trica (Aneel) anunciou que, durante este m\u00eas de junho, a bandeira tarif\u00e1ria que estar\u00e1 em vigor ser\u00e1 a vermelha no patamar 1. Isso significa que haver\u00e1 uma cobran\u00e7a adicional de R$ 4,46 para cada 100 quilowatts-hora (kWh) consumidos, impactando diretamente o valor final da conta de energia el\u00e9trica de todos os consumidores. Diante deste cen\u00e1rio, a Neoenergia Pernambuco refor\u00e7a a import\u00e2ncia do uso consciente da energia el\u00e9trica. A ado\u00e7\u00e3o de h\u00e1bitos simples no dia a dia pode fazer grande diferen\u00e7a na conta de luz, ajudando a aliviar o or\u00e7amento familiar e colaborando com o meio ambiente.<\/p>\n<p>Pensando nisso, a distribuidora orienta a popula\u00e7\u00e3o com algumas dicas pr\u00e1ticas de economia de energia que podem ser aplicadas em qualquer resid\u00eancia, com\u00e9rcio ou ind\u00fastria:<\/p>\n<p>\u2022          Apague as luzes ao sair dos ambientes.<\/p>\n<p>\u2022          Prefira l\u00e2mpadas de LED, que s\u00e3o mais econ\u00f4micas e dur\u00e1veis.<\/p>\n<p>\u2022          Aproveite ao m\u00e1ximo a ilumina\u00e7\u00e3o natural, abrindo janelas e cortinas durante o dia.<\/p>\n<p>\u2022          Mantenha a geladeira sempre fechada e verifique se a borracha de veda\u00e7\u00e3o est\u00e1 em bom estado.<\/p>\n<p>\u2022          Evite colocar alimentos quentes na geladeira, pois isso for\u00e7a o motor a trabalhar mais.<\/p>\n<p>\u2022          No chuveiro el\u00e9trico, prefira a posi\u00e7\u00e3o \u201cver\u00e3o\u201d sempre que poss\u00edvel, reduzindo o consumo.<\/p>\n<p>\u2022          Junte a maior quantidade poss\u00edvel de roupas para lavar e passar de uma vez s\u00f3, evitando desperd\u00edcio de energia.<\/p>\n<p>\u2022          Desligue aparelhos eletr\u00f4nicos da tomada quando n\u00e3o estiverem em uso, pois o modo stand-by tamb\u00e9m consome energia.<\/p>\n<p>\u2022          Mantenha filtros e serpentinas de ar-condicionado sempre limpos, melhorando a efici\u00eancia do aparelho.<\/p>\n<p>\u2022          Regule o termostato do ar-condicionado para temperaturas mais adequadas, evitando o excesso de consumo.<br \/>\n\u2022          Instale sensores de presen\u00e7a em locais com pouca circula\u00e7\u00e3o, como corredores e \u00e1reas externas.<br \/>\n\u2022          Utilize ferro de passar roupas apenas quando for realmente necess\u00e1rio e aproveite para passar v\u00e1rias pe\u00e7as de uma vez.<br \/>\n\u2022          Opte por eletrodom\u00e9sticos com selo Procel de efici\u00eancia energ\u00e9tica, que indicam menor consumo.<br \/>\n\u2022          Em computadores e notebooks, ative o modo de economia de energia.<br \/>\n\u2022          Realize manuten\u00e7\u00f5es peri\u00f3dicas em instala\u00e7\u00f5es el\u00e9tricas, garantindo seguran\u00e7a e efici\u00eancia no consumo.<br \/>\nSiga o Instagram do Blog pelo @blogdoedvaldomagalhaes<br \/>\nFoto: Divulga\u00e7\u00e3o\/Neoenergia <\/p>\n","protected":false},"excerpt":{"rendered":"<p>_Aneel confirmou cobran\u00e7a adicional de R$ 4,46 para cada 100 kWh consumidos. Confira algumas orienta\u00e7\u00f5es da Neoenergia para n\u00e3o sentir&hellip;<\/p>\n","protected":false},"author":1,"featured_media":120057,"comment_status":"closed","ping_status":"open","sticky":false,"template":"","format":"standard","meta":{"footnotes":""},"categories":[14120],"tags":[33746,28803,27410,13146,28801],"class_list":["post-120056","post","type-post","status-publish","format-standard","has-post-thumbnail","hentry","category-noticias","tag-bandeira-tarifaria-de-junho-sera-vermelha-saiba-como-economizar-energia-e-evitar-o-aumento-no-valor-da-conta","tag-blog-com-mais-visualizacoes","tag-blog-de-caruaru","tag-blog-edvaldo-magalhaes","tag-blog-mais-acessado"],"_links":{"self":[{"href":"https:\/\/blogdoedvaldomagalhaes.com.br\/index.php\/wp-json\/wp\/v2\/posts\/120056","targetHints":{"allow":["GET"]}}],"collection":[{"href":"https:\/\/blogdoedvaldomagalhaes.com.br\/index.php\/wp-json\/wp\/v2\/posts"}],"about":[{"href":"https:\/\/blogdoedvaldomagalhaes.com.br\/index.php\/wp-json\/wp\/v2\/types\/post"}],"author":[{"embeddable":true,"href":"https:\/\/blogdoedvaldomagalhaes.com.br\/index.php\/wp-json\/wp\/v2\/users\/1"}],"replies":[{"embeddable":true,"href":"https:\/\/blogdoedvaldomagalhaes.com.br\/index.php\/wp-json\/wp\/v2\/comments?post=120056"}],"version-history":[{"count":1,"href":"https:\/\/blogdoedvaldomagalhaes.com.br\/index.php\/wp-json\/wp\/v2\/posts\/120056\/revisions"}],"predecessor-version":[{"id":120058,"href":"https:\/\/blogdoedvaldomagalhaes.com.br\/index.php\/wp-json\/wp\/v2\/posts\/120056\/revisions\/120058"}],"wp:featuredmedia":[{"embeddable":true,"href":"https:\/\/blogdoedvaldomagalhaes.com.br\/index.php\/wp-json\/wp\/v2\/media\/120057"}],"wp:attachment":[{"href":"https:\/\/blogdoedvaldomagalhaes.com.br\/index.php\/wp-json\/wp\/v2\/media?parent=120056"}],"wp:term":[{"taxonomy":"category","embeddable":true,"href":"https:\/\/blogdoedvaldomagalhaes.com.br\/index.php\/wp-json\/wp\/v2\/categories?post=120056"},{"taxonomy":"post_tag","embeddable":true,"href":"https:\/\/blogdoedvaldomagalhaes.com.br\/index.php\/wp-json\/wp\/v2\/tags?post=120056"}],"curies":[{"name":"wp","href":"https:\/\/api.w.org\/{rel}","templated":true}]}}