{"id":120053,"date":"2025-06-02T12:53:07","date_gmt":"2025-06-02T15:53:07","guid":{"rendered":"https:\/\/blogdoedvaldomagalhaes.com.br\/?p=120053"},"modified":"2025-06-02T13:15:06","modified_gmt":"2025-06-02T16:15:06","slug":"__trashed-3","status":"publish","type":"post","link":"https:\/\/blogdoedvaldomagalhaes.com.br\/index.php\/2025\/06\/02\/__trashed-3\/","title":{"rendered":"Prorrogada Consulta P\u00fablica do Plano Nacional Pena Justa em Pernambuco"},"content":{"rendered":"<p>A Secretaria de Administra\u00e7\u00e3o Penitenci\u00e1ria e Ressocializa\u00e7\u00e3o (SEAP) e o Tribunal de Justi\u00e7a de Pernambuco (TJPE) prorrogaram a Consulta P\u00fablica do Plano Nacional Pena Justa at\u00e9 o dia 09 de junho (segunda-feira). <\/p>\n<p>O espa\u00e7o \u00e9 destinado \u00e0 participa\u00e7\u00e3o social para o enfrentamento da viola\u00e7\u00e3o de direitos das pessoas custodiadas em estabelecimentos penais. Qualquer pessoa pode contribuir com sugest\u00f5es e sua identifica\u00e7\u00e3o n\u00e3o \u00e9 obrigat\u00f3ria. As informa\u00e7\u00f5es ser\u00e3o utilizadas para o desenvolvimento do plano em Pernambuco.  <\/p>\n<p>O plano, determinado pelo Supremo Tribunal Federal (STF), prop\u00f5e que os estados e o Distrito Federal planejem a\u00e7\u00f5es estruturantes para o sistema prisional que contribuam para a seguran\u00e7a da popula\u00e7\u00e3o, combatendo um estado de coisas inconstitucional respons\u00e1vel pela viola\u00e7\u00e3o de direitos fundamentais dos presos, devendo serem apresentados ao STF no prazo de seis meses. <\/p>\n<p>O formul\u00e1rio est\u00e1 dispon\u00edvel no: www.seap.pe.gov.br<br \/>\nD\u00favidas podem ser encaminhadas para o e-mail: planopenajustape@gmail.com<br \/>\nSiga o Instagram do Blog pelo @blogdoedvaldomagalhaes<br \/>\nFoto: Divulga\u00e7\u00e3o\/SEAP<\/p>\n","protected":false},"excerpt":{"rendered":"<p>A Secretaria de Administra\u00e7\u00e3o Penitenci\u00e1ria e Ressocializa\u00e7\u00e3o (SEAP) e o Tribunal de Justi\u00e7a de Pernambuco (TJPE) prorrogaram a Consulta P\u00fablica&hellip;<\/p>\n","protected":false},"author":1,"featured_media":120055,"comment_status":"closed","ping_status":"open","sticky":false,"template":"","format":"standard","meta":{"footnotes":""},"categories":[14121],"tags":[],"class_list":["post-120053","post","type-post","status-publish","format-standard","has-post-thumbnail","hentry","category-policial"],"_links":{"self":[{"href":"https:\/\/blogdoedvaldomagalhaes.com.br\/index.php\/wp-json\/wp\/v2\/posts\/120053","targetHints":{"allow":["GET"]}}],"collection":[{"href":"https:\/\/blogdoedvaldomagalhaes.com.br\/index.php\/wp-json\/wp\/v2\/posts"}],"about":[{"href":"https:\/\/blogdoedvaldomagalhaes.com.br\/index.php\/wp-json\/wp\/v2\/types\/post"}],"author":[{"embeddable":true,"href":"https:\/\/blogdoedvaldomagalhaes.com.br\/index.php\/wp-json\/wp\/v2\/users\/1"}],"replies":[{"embeddable":true,"href":"https:\/\/blogdoedvaldomagalhaes.com.br\/index.php\/wp-json\/wp\/v2\/comments?post=120053"}],"version-history":[{"count":2,"href":"https:\/\/blogdoedvaldomagalhaes.com.br\/index.php\/wp-json\/wp\/v2\/posts\/120053\/revisions"}],"predecessor-version":[{"id":120060,"href":"https:\/\/blogdoedvaldomagalhaes.com.br\/index.php\/wp-json\/wp\/v2\/posts\/120053\/revisions\/120060"}],"wp:featuredmedia":[{"embeddable":true,"href":"https:\/\/blogdoedvaldomagalhaes.com.br\/index.php\/wp-json\/wp\/v2\/media\/120055"}],"wp:attachment":[{"href":"https:\/\/blogdoedvaldomagalhaes.com.br\/index.php\/wp-json\/wp\/v2\/media?parent=120053"}],"wp:term":[{"taxonomy":"category","embeddable":true,"href":"https:\/\/blogdoedvaldomagalhaes.com.br\/index.php\/wp-json\/wp\/v2\/categories?post=120053"},{"taxonomy":"post_tag","embeddable":true,"href":"https:\/\/blogdoedvaldomagalhaes.com.br\/index.php\/wp-json\/wp\/v2\/tags?post=120053"}],"curies":[{"name":"wp","href":"https:\/\/api.w.org\/{rel}","templated":true}]}}