{"id":120050,"date":"2025-06-02T12:35:27","date_gmt":"2025-06-02T15:35:27","guid":{"rendered":"https:\/\/blogdoedvaldomagalhaes.com.br\/?p=120050"},"modified":"2025-06-02T12:35:27","modified_gmt":"2025-06-02T15:35:27","slug":"colisao-frontal-entre-duas-motos-deixa-um-morto-e-dois-feridos","status":"publish","type":"post","link":"https:\/\/blogdoedvaldomagalhaes.com.br\/index.php\/2025\/06\/02\/colisao-frontal-entre-duas-motos-deixa-um-morto-e-dois-feridos\/","title":{"rendered":"Colis\u00e3o frontal entre duas motos deixa um morto e dois feridos"},"content":{"rendered":"<p>Por volta das 23h40 de domingo (01.06), a PRF foi acionada para atender um sinistro no Km 47 da BR 101, em Abreu e Lima.<\/p>\n<p>Foi uma colis\u00e3o frontal entre duas motocicletas. A PRF suspeita que o condutor da moto que estava sozinho trafegava em alta velocidade.  A equipe recebeu informa\u00e7\u00f5es que a colis\u00e3o ocorreu durante um &#8220;racha&#8221; que estava ocorrendo na rodovia.<\/p>\n<p>O condutor que transportava duas pessoas fez um retorno na rodovia e acessou a contram\u00e3o para entrar em uma rua. O condutor que estava sozinho na motocicleta faleceu no local. Ele iria completar 25 anos nesta segunda-feira (02.06).<\/p>\n<p>O condutor da outra moto e uma passageira ficaram feridos. O condutor foi encaminhado para o Hospital Miguel Arraes. A passageira foi para o Hospital da Restaura\u00e7\u00e3o. Um menino de 5 anos que tamb\u00e9m estava na moto n\u00e3o se feriu. O IC e IML tamb\u00e9m estiveram no local. A Pol\u00edcia Civil vai investigar o caso.<br \/>\nSeja seguidor do Instagram do Blog pelo @blogdoedvaldomagalhaes<br \/>\nFoto: Divulga\u00e7\u00e3o\/PRF<\/p>\n","protected":false},"excerpt":{"rendered":"<p>Por volta das 23h40 de domingo (01.06), a PRF foi acionada para atender um sinistro no Km 47 da BR&hellip;<\/p>\n","protected":false},"author":1,"featured_media":120051,"comment_status":"closed","ping_status":"open","sticky":false,"template":"","format":"standard","meta":{"footnotes":""},"categories":[14120],"tags":[14276,30592,2,28801,33745],"class_list":["post-120050","post","type-post","status-publish","format-standard","has-post-thumbnail","hentry","category-noticias","tag-acidente","tag-blog-com-mais-seguidores","tag-blog-do-edvaldo-magalhaes","tag-blog-mais-acessado","tag-colisao-frontal-entre-duas-motos-deixa-um-morto-e-dois-feridos"],"_links":{"self":[{"href":"https:\/\/blogdoedvaldomagalhaes.com.br\/index.php\/wp-json\/wp\/v2\/posts\/120050","targetHints":{"allow":["GET"]}}],"collection":[{"href":"https:\/\/blogdoedvaldomagalhaes.com.br\/index.php\/wp-json\/wp\/v2\/posts"}],"about":[{"href":"https:\/\/blogdoedvaldomagalhaes.com.br\/index.php\/wp-json\/wp\/v2\/types\/post"}],"author":[{"embeddable":true,"href":"https:\/\/blogdoedvaldomagalhaes.com.br\/index.php\/wp-json\/wp\/v2\/users\/1"}],"replies":[{"embeddable":true,"href":"https:\/\/blogdoedvaldomagalhaes.com.br\/index.php\/wp-json\/wp\/v2\/comments?post=120050"}],"version-history":[{"count":1,"href":"https:\/\/blogdoedvaldomagalhaes.com.br\/index.php\/wp-json\/wp\/v2\/posts\/120050\/revisions"}],"predecessor-version":[{"id":120052,"href":"https:\/\/blogdoedvaldomagalhaes.com.br\/index.php\/wp-json\/wp\/v2\/posts\/120050\/revisions\/120052"}],"wp:featuredmedia":[{"embeddable":true,"href":"https:\/\/blogdoedvaldomagalhaes.com.br\/index.php\/wp-json\/wp\/v2\/media\/120051"}],"wp:attachment":[{"href":"https:\/\/blogdoedvaldomagalhaes.com.br\/index.php\/wp-json\/wp\/v2\/media?parent=120050"}],"wp:term":[{"taxonomy":"category","embeddable":true,"href":"https:\/\/blogdoedvaldomagalhaes.com.br\/index.php\/wp-json\/wp\/v2\/categories?post=120050"},{"taxonomy":"post_tag","embeddable":true,"href":"https:\/\/blogdoedvaldomagalhaes.com.br\/index.php\/wp-json\/wp\/v2\/tags?post=120050"}],"curies":[{"name":"wp","href":"https:\/\/api.w.org\/{rel}","templated":true}]}}