{"id":120047,"date":"2025-06-02T12:25:35","date_gmt":"2025-06-02T15:25:35","guid":{"rendered":"https:\/\/blogdoedvaldomagalhaes.com.br\/?p=120047"},"modified":"2025-06-02T12:25:35","modified_gmt":"2025-06-02T15:25:35","slug":"colisao-frontal-entre-carro-e-caminhonete-e-motorista-se-recusa-a-fazer-o-teste-do-bafometro","status":"publish","type":"post","link":"https:\/\/blogdoedvaldomagalhaes.com.br\/index.php\/2025\/06\/02\/colisao-frontal-entre-carro-e-caminhonete-e-motorista-se-recusa-a-fazer-o-teste-do-bafometro\/","title":{"rendered":"Colis\u00e3o frontal entre carro e caminhonete, e motorista se recusa a fazer o teste do baf\u00f4metro"},"content":{"rendered":"<p>Por volta das 14h, desse domingo (01.06), a PRF foi acionada para atender um sinistro no Km 213 da BR 232, em Pesqueira, no Agreste de Pernambuco. Foi uma colis\u00e3o frontal entre um carro e uma caminhonete. A suspeita \u00e9 de que o carro entrou na contram\u00e3o da rodovia.<\/p>\n<p>Tr\u00eas pessoas ficaram feridas e foram encaminhadas para o Hospital de Pesqueira, a princ\u00edpio sem gravidade (o motorista do carro, o motorista da caminhonete e o passageiro da caminhonete). O motorista da caminhonete realizou o teste do baf\u00f4metro e o resultado foi normal. O motorista do carro se recusou a fazer o teste do baf\u00f4metro e foi autuado. Foto: Divulga\u00e7\u00e3o<br \/>\nSeja seguidor do Instagram do Blog pelo @blogdoedvaldomagalhaes<\/p>\n","protected":false},"excerpt":{"rendered":"<p>Por volta das 14h, desse domingo (01.06), a PRF foi acionada para atender um sinistro no Km 213 da BR&hellip;<\/p>\n","protected":false},"author":1,"featured_media":120048,"comment_status":"closed","ping_status":"open","sticky":false,"template":"","format":"standard","meta":{"footnotes":""},"categories":[14120],"tags":[14276,29440,13146,28801,33744],"class_list":["post-120047","post","type-post","status-publish","format-standard","has-post-thumbnail","hentry","category-noticias","tag-acidente","tag-blog-com-mais-visualizacao","tag-blog-edvaldo-magalhaes","tag-blog-mais-acessado","tag-colisao-frontal-entre-carro-e-caminhonete-e-motorista-se-recusa-a-fazer-o-teste-do-bafometro"],"_links":{"self":[{"href":"https:\/\/blogdoedvaldomagalhaes.com.br\/index.php\/wp-json\/wp\/v2\/posts\/120047","targetHints":{"allow":["GET"]}}],"collection":[{"href":"https:\/\/blogdoedvaldomagalhaes.com.br\/index.php\/wp-json\/wp\/v2\/posts"}],"about":[{"href":"https:\/\/blogdoedvaldomagalhaes.com.br\/index.php\/wp-json\/wp\/v2\/types\/post"}],"author":[{"embeddable":true,"href":"https:\/\/blogdoedvaldomagalhaes.com.br\/index.php\/wp-json\/wp\/v2\/users\/1"}],"replies":[{"embeddable":true,"href":"https:\/\/blogdoedvaldomagalhaes.com.br\/index.php\/wp-json\/wp\/v2\/comments?post=120047"}],"version-history":[{"count":1,"href":"https:\/\/blogdoedvaldomagalhaes.com.br\/index.php\/wp-json\/wp\/v2\/posts\/120047\/revisions"}],"predecessor-version":[{"id":120049,"href":"https:\/\/blogdoedvaldomagalhaes.com.br\/index.php\/wp-json\/wp\/v2\/posts\/120047\/revisions\/120049"}],"wp:featuredmedia":[{"embeddable":true,"href":"https:\/\/blogdoedvaldomagalhaes.com.br\/index.php\/wp-json\/wp\/v2\/media\/120048"}],"wp:attachment":[{"href":"https:\/\/blogdoedvaldomagalhaes.com.br\/index.php\/wp-json\/wp\/v2\/media?parent=120047"}],"wp:term":[{"taxonomy":"category","embeddable":true,"href":"https:\/\/blogdoedvaldomagalhaes.com.br\/index.php\/wp-json\/wp\/v2\/categories?post=120047"},{"taxonomy":"post_tag","embeddable":true,"href":"https:\/\/blogdoedvaldomagalhaes.com.br\/index.php\/wp-json\/wp\/v2\/tags?post=120047"}],"curies":[{"name":"wp","href":"https:\/\/api.w.org\/{rel}","templated":true}]}}