{"id":120044,"date":"2025-06-02T12:12:53","date_gmt":"2025-06-02T15:12:53","guid":{"rendered":"https:\/\/blogdoedvaldomagalhaes.com.br\/?p=120044"},"modified":"2025-06-02T12:12:53","modified_gmt":"2025-06-02T15:12:53","slug":"senai-pe-e-sebrae-apresentam-oportunidades-do-brasil-mais-produtivo-industria-as-empresas-de-caruaru","status":"publish","type":"post","link":"https:\/\/blogdoedvaldomagalhaes.com.br\/index.php\/2025\/06\/02\/senai-pe-e-sebrae-apresentam-oportunidades-do-brasil-mais-produtivo-industria-as-empresas-de-caruaru\/","title":{"rendered":"SENAI-PE e Sebrae apresentam oportunidades do Brasil Mais Produtivo Ind\u00fastria \u00e0s empresas de Caruaru"},"content":{"rendered":"<p>No dia 04 de junho, a partir das 18h, no audit\u00f3rio da Associa\u00e7\u00e3o Comercial e Empresarial de Caruaru (Acic), o SENAI-PE e o Sebrae\/PE ir\u00e3o realizar o Roadshow do Brasil Mais Produtivo, programa do Minist\u00e9rio do Desenvolvimento, Ind\u00fastria, Com\u00e9rcio e Servi\u00e7os (MDIC) que vai destinar R$ 2 bilh\u00f5es para o engajamento de 200 mil empresas at\u00e9 2027, com atendimento direto a 93,1 mil. O evento tem como objetivo divulgar o programa e as oportunidades oferecidas para os empres\u00e1rios. As inscri\u00e7\u00f5es devem ser feitas atrav\u00e9s do link: https:\/\/mkt.pe.senai.br\/brasil-mais-produtivo.<\/p>\n<p>O Roadshow Brasil Mais Produtivo \u00e9 destinado para empres\u00e1rios de micro, pequenas e m\u00e9dias ind\u00fastrias, sindicatos, associa\u00e7\u00f5es de classe, arranjos produtivos locais e territ\u00f3rios empreendedores. Os inscritos ir\u00e3o conhecer os benef\u00edcios do programa e detalhes de como funcionam as consultorias. Alinhada \u00e0s diretrizes da Nova Ind\u00fastria Brasil (NIB), houve uma reestrutura\u00e7\u00e3o na perspectiva de elevar a produtividade e promover a transforma\u00e7\u00e3o digital das MPMEs brasileiras.<\/p>\n<p>O programa, que \u00e9 gratuito para micro e pequenas empresas, oferece um ciclo completo de acesso ao conhecimento, que passa por etapas como aperfei\u00e7oamento da for\u00e7a de trabalho, requalifica\u00e7\u00e3o, melhores pr\u00e1ticas de gest\u00e3o, digitaliza\u00e7\u00e3o, otimiza\u00e7\u00e3o de processos produtivos e aumento de efici\u00eancia energ\u00e9tica, entre outras a\u00e7\u00f5es. No caso do Sebrae, a principal forma de atua\u00e7\u00e3o ser\u00e1 a metodologia ALI \u2013 Agentes Locais de Inova\u00e7\u00e3o, por meio da qual as empresas recebem acompanhamento personalizado de especialistas por um per\u00edodo de seis meses.<\/p>\n<p>De acordo com o gestor estadual da Ind\u00fastria do Sebrae\/PE, Henrique Malaquias, mais de 120 empresas j\u00e1 foram atendidas pela metodologia ALI dentro do Brasil Mais Produtivo desde o in\u00edcio do ano. \u201cOs Agentes Locais de Inova\u00e7\u00e3o t\u00eam ajudado pequenos neg\u00f3cios a identificar gargalos e implementar solu\u00e7\u00f5es pr\u00e1ticas que trazem resultados reais para a empresa. Todos os interessados em participar do Brasil + Produtivo pode ter acesso a essa metodologia e, ainda, aos servi\u00e7os oferecidos pelo SENAI\u201d, destaca.<\/p>\n<p>A institui\u00e7\u00e3o tamb\u00e9m custeia as consultorias em manufatura enxuta e efici\u00eancia energ\u00e9tica ofertadas pelo SENAI \u00e0s micro e pequenas empresas, com o objetivo de que elas cheguem de forma gratuita aos empreendedores. \u201cPara os interessados no programa, o roadshow ser\u00e1 uma oportunidade fundamental para conhecer todos os detalhes sobre como participar, entender como funcionam as consultorias 100% subsidiadas e voltadas para o aumento da produtividade nas diferentes \u00e1reas da empresa\u201d, explica coordenador de neg\u00f3cios e parcerias do SENAI, F\u00e1bio Luna.<\/p>\n<p>O Brasil Mais Produtivo \u00e9 coordenado pelo Minist\u00e9rio do Desenvolvimento, Ind\u00fastria, Com\u00e9rcio e Servi\u00e7os (MDIC), em parceria com SENAI, Sebrae, Ag\u00eancia Brasileira de Desenvolvimento Industrial (ABDI), Banco Nacional de Desenvolvimento Econ\u00f4mico e Social (BNDES), Financiadora de Estudos e Projetos (Finep) e Empresa Brasileira de Pesquisa e Inova\u00e7\u00e3o Industrial (Embrapii). Foto: Divulga\u00e7\u00e3o<br \/>\nSeja seguidor do Instagram do Blog pelo @blogdoedvaldomagalhaes<\/p>\n","protected":false},"excerpt":{"rendered":"<p>No dia 04 de junho, a partir das 18h, no audit\u00f3rio da Associa\u00e7\u00e3o Comercial e Empresarial de Caruaru (Acic), o&hellip;<\/p>\n","protected":false},"author":1,"featured_media":120045,"comment_status":"closed","ping_status":"open","sticky":false,"template":"","format":"standard","meta":{"footnotes":""},"categories":[14120],"tags":[28803,27410,2,28801,33743],"class_list":["post-120044","post","type-post","status-publish","format-standard","has-post-thumbnail","hentry","category-noticias","tag-blog-com-mais-visualizacoes","tag-blog-de-caruaru","tag-blog-do-edvaldo-magalhaes","tag-blog-mais-acessado","tag-senai-pe-e-sebrae-apresentam-oportunidades-do-brasil-mais-produtivo-industria-as-empresas-de-caruaru"],"_links":{"self":[{"href":"https:\/\/blogdoedvaldomagalhaes.com.br\/index.php\/wp-json\/wp\/v2\/posts\/120044","targetHints":{"allow":["GET"]}}],"collection":[{"href":"https:\/\/blogdoedvaldomagalhaes.com.br\/index.php\/wp-json\/wp\/v2\/posts"}],"about":[{"href":"https:\/\/blogdoedvaldomagalhaes.com.br\/index.php\/wp-json\/wp\/v2\/types\/post"}],"author":[{"embeddable":true,"href":"https:\/\/blogdoedvaldomagalhaes.com.br\/index.php\/wp-json\/wp\/v2\/users\/1"}],"replies":[{"embeddable":true,"href":"https:\/\/blogdoedvaldomagalhaes.com.br\/index.php\/wp-json\/wp\/v2\/comments?post=120044"}],"version-history":[{"count":1,"href":"https:\/\/blogdoedvaldomagalhaes.com.br\/index.php\/wp-json\/wp\/v2\/posts\/120044\/revisions"}],"predecessor-version":[{"id":120046,"href":"https:\/\/blogdoedvaldomagalhaes.com.br\/index.php\/wp-json\/wp\/v2\/posts\/120044\/revisions\/120046"}],"wp:featuredmedia":[{"embeddable":true,"href":"https:\/\/blogdoedvaldomagalhaes.com.br\/index.php\/wp-json\/wp\/v2\/media\/120045"}],"wp:attachment":[{"href":"https:\/\/blogdoedvaldomagalhaes.com.br\/index.php\/wp-json\/wp\/v2\/media?parent=120044"}],"wp:term":[{"taxonomy":"category","embeddable":true,"href":"https:\/\/blogdoedvaldomagalhaes.com.br\/index.php\/wp-json\/wp\/v2\/categories?post=120044"},{"taxonomy":"post_tag","embeddable":true,"href":"https:\/\/blogdoedvaldomagalhaes.com.br\/index.php\/wp-json\/wp\/v2\/tags?post=120044"}],"curies":[{"name":"wp","href":"https:\/\/api.w.org\/{rel}","templated":true}]}}