{"id":120040,"date":"2025-06-02T00:45:45","date_gmt":"2025-06-02T03:45:45","guid":{"rendered":"https:\/\/blogdoedvaldomagalhaes.com.br\/?p=120040"},"modified":"2025-06-02T13:11:37","modified_gmt":"2025-06-02T16:11:37","slug":"leo-torres-suplente-de-vereador-de-caruaru-marca-presenca-no-congresso-nacional-do-psb-e-mostra-sua-forca","status":"publish","type":"post","link":"https:\/\/blogdoedvaldomagalhaes.com.br\/index.php\/2025\/06\/02\/leo-torres-suplente-de-vereador-de-caruaru-marca-presenca-no-congresso-nacional-do-psb-e-mostra-sua-forca\/","title":{"rendered":"L\u00e9o Torres Suplente de Vereador de Caruaru marca presen\u00e7a no Congresso Nacional do PSB e mostra sua for\u00e7a"},"content":{"rendered":"<p>A pol\u00edtica de Caruaru foi representada com firmeza e protagonismo no Congresso Nacional do PSB, realizado esta semana em Bras\u00edlia. O suplente de vereador, L\u00e9o Torres, mostrou que, mesmo fora do mandato, tem voz ativa e articula\u00e7\u00e3o forte dentro do seu partido. Junto com o Vereado de Recife e Pr\u00e9 candidato a Deputado Estadual Aderaldo Pinto, Ele esteve presente na cerim\u00f4nia que oficializou o nome de Jo\u00e3o Campos como novo presidente nacional do Partido Socialista Brasileiro \u2014 um momento hist\u00f3rico para a legenda e para o futuro da pol\u00edtica progressista no pa\u00eds.<\/p>\n<p>A presen\u00e7a de L\u00e9o Torres ao lado de tantas lideran\u00e7as \u00e9 mais do que simb\u00f3lica: \u00e9 a confirma\u00e7\u00e3o de seu alinhamento pol\u00edtico e da confian\u00e7a que vem conquistando dentro do PSB.<\/p>\n<p>\u201c\u00c9 um orgulho imenso ver Jo\u00e3o assumir esse cargo, representando a renova\u00e7\u00e3o com responsabilidade e hist\u00f3ria. Estar aqui como caruaruense \u00e9 reafirmar que Caruaru tem gente comprometida com o futuro e preparada para contribuir com as grandes decis\u00f5es do nosso partido\u201d, destacou o suplente.<\/p>\n<p>A agenda do l\u00edder pol\u00edtico em Bras\u00edlia foi al\u00e9m do Congresso. Ele aproveitou a viagem para visitar o deputado federal Felipe Carreras, com quem mant\u00e9m di\u00e1logo constante. Durante o encontro, reafirmou o compromisso com o desenvolvimento de Caruaru e a busca por parcerias e projetos que possam beneficiar diretamente a popula\u00e7\u00e3o.<\/p>\n<p>\u201cFiz quest\u00e3o de refor\u00e7ar ao deputado Felipe Carreras que seguimos na luta por uma Caruaru mais justa, moderna e com oportunidades para todos. Nosso trabalho continua firme e conectado com quem pode ajudar a transformar nossa cidade\u201d, completou.<\/p>\n<p>Com essa movimenta\u00e7\u00e3o estrat\u00e9gica em Bras\u00edlia, o suplente mostra que pol\u00edtica se faz com presen\u00e7a, articula\u00e7\u00e3o e responsabilidade. E que a sua caminhada segue viva, forte e cada vez mais conectada com os interesses de Caruaru.<\/p>\n","protected":false},"excerpt":{"rendered":"<p>A pol\u00edtica de Caruaru foi representada com firmeza e protagonismo no Congresso Nacional do PSB, realizado esta semana em Bras\u00edlia.&hellip;<\/p>\n","protected":false},"author":1,"featured_media":120043,"comment_status":"closed","ping_status":"open","sticky":false,"template":"","format":"standard","meta":{"footnotes":""},"categories":[14122],"tags":[30592,27410,2,28801],"class_list":["post-120040","post","type-post","status-publish","format-standard","has-post-thumbnail","hentry","category-politica","tag-blog-com-mais-seguidores","tag-blog-de-caruaru","tag-blog-do-edvaldo-magalhaes","tag-blog-mais-acessado"],"_links":{"self":[{"href":"https:\/\/blogdoedvaldomagalhaes.com.br\/index.php\/wp-json\/wp\/v2\/posts\/120040","targetHints":{"allow":["GET"]}}],"collection":[{"href":"https:\/\/blogdoedvaldomagalhaes.com.br\/index.php\/wp-json\/wp\/v2\/posts"}],"about":[{"href":"https:\/\/blogdoedvaldomagalhaes.com.br\/index.php\/wp-json\/wp\/v2\/types\/post"}],"author":[{"embeddable":true,"href":"https:\/\/blogdoedvaldomagalhaes.com.br\/index.php\/wp-json\/wp\/v2\/users\/1"}],"replies":[{"embeddable":true,"href":"https:\/\/blogdoedvaldomagalhaes.com.br\/index.php\/wp-json\/wp\/v2\/comments?post=120040"}],"version-history":[{"count":1,"href":"https:\/\/blogdoedvaldomagalhaes.com.br\/index.php\/wp-json\/wp\/v2\/posts\/120040\/revisions"}],"predecessor-version":[{"id":120042,"href":"https:\/\/blogdoedvaldomagalhaes.com.br\/index.php\/wp-json\/wp\/v2\/posts\/120040\/revisions\/120042"}],"wp:featuredmedia":[{"embeddable":true,"href":"https:\/\/blogdoedvaldomagalhaes.com.br\/index.php\/wp-json\/wp\/v2\/media\/120043"}],"wp:attachment":[{"href":"https:\/\/blogdoedvaldomagalhaes.com.br\/index.php\/wp-json\/wp\/v2\/media?parent=120040"}],"wp:term":[{"taxonomy":"category","embeddable":true,"href":"https:\/\/blogdoedvaldomagalhaes.com.br\/index.php\/wp-json\/wp\/v2\/categories?post=120040"},{"taxonomy":"post_tag","embeddable":true,"href":"https:\/\/blogdoedvaldomagalhaes.com.br\/index.php\/wp-json\/wp\/v2\/tags?post=120040"}],"curies":[{"name":"wp","href":"https:\/\/api.w.org\/{rel}","templated":true}]}}