{"id":120036,"date":"2025-06-01T23:33:58","date_gmt":"2025-06-02T02:33:58","guid":{"rendered":"https:\/\/blogdoedvaldomagalhaes.com.br\/?p=120036"},"modified":"2025-06-01T23:41:17","modified_gmt":"2025-06-02T02:41:17","slug":"janelas-do-desenvolvimento-e-respeito-a-natureza-por-jorge-quintino","status":"publish","type":"post","link":"https:\/\/blogdoedvaldomagalhaes.com.br\/index.php\/2025\/06\/01\/janelas-do-desenvolvimento-e-respeito-a-natureza-por-jorge-quintino\/","title":{"rendered":"JANELAS DO DESENVOLVIMENTO E RESPEITO \u00c0 NATUREZA Por Jorge Quintino"},"content":{"rendered":"<p>O Parque Ambiental Janelas para o Rio \u00e9 muito mais do que uma nova \u00e1rea verde para Caruaru. \u00c9 uma janela aberta para o futuro \u2014 um futuro de desenvolvimento urbano aliado \u00e0 preserva\u00e7\u00e3o ambiental, de qualidade de vida com responsabilidade, de crescimento sustent\u00e1vel com respeito \u00e0 natureza.<br \/>\nLocalizado \u00e0s margens do Rio Ipojuca, entre os bairros Cedro e Inocoop, o parque ocupa uma \u00e1rea de aproximadamente 6,65 hectares e representa um investimento significativo de R$ 6 milh\u00f5es, viabilizado atrav\u00e9s de financiamento do Banco Interamericano de Desenvolvimento (BID). Trata-se de uma das maiores iniciativas ambientais e urbanas da hist\u00f3ria recente de nosso munic\u00edpio.<br \/>\nO projeto tem como principais objetivos a recupera\u00e7\u00e3o de \u00e1reas degradadas, a prote\u00e7\u00e3o das margens do rio contra ocupa\u00e7\u00f5es irregulares e a cria\u00e7\u00e3o de espa\u00e7os p\u00fablicos voltados para o lazer, a conviv\u00eancia e a educa\u00e7\u00e3o ambiental. Em sua estrutura, o parque contar\u00e1 com pistas de caminhada, playgrounds, quadras esportivas, \u00e1reas de reflorestamento, blocos educativos e passarelas para pedestres \u2014 um verdadeiro espa\u00e7o multifuncional pensado para atender \u00e0s necessidades da popula\u00e7\u00e3o caruaruense.<br \/>\nMas o Parque Janelas para o Rio vai al\u00e9m da infraestrutura. Ele carrega uma miss\u00e3o pedag\u00f3gica e transformadora: promover a conscientiza\u00e7\u00e3o ambiental, incentivar pr\u00e1ticas sustent\u00e1veis e fortalecer o v\u00ednculo da comunidade com o Rio Ipojuca, um s\u00edmbolo natural de nossa cidade que por d\u00e9cadas foi negligenciado.<br \/>\nA expectativa \u00e9 que aproximadamente 400 mil pessoas sejam diretamente beneficiadas com o projeto, por meio da promo\u00e7\u00e3o da sa\u00fade, do bem-estar coletivo e da integra\u00e7\u00e3o social. Com esta iniciativa, abrimos caminho para uma cidade mais justa, mais verde e mais humana.<br \/>\nA concretiza\u00e7\u00e3o do Parque \u00e9 fruto de um esfor\u00e7o conjunto entre diferentes esferas do poder p\u00fablico: do Prefeito Rodrigo Pinheiro, da Governadora Raquel Lyra e do Presidente da Rep\u00fablica, Luiz In\u00e1cio Lula da Silva. Na C\u00e2mara Municipal de Caruaru, temos atuado firmemente, com responsabilidade e comprometimento, para que pol\u00edticas como estas se multipliquem, se fortale\u00e7am e se tornem prioridade permanente no planejamento urbano da cidade.<br \/>\nSeguiremos vigilantes e propositivos, para que Caruaru continue abrindo janelas para o desenvolvimento com respeito \u00e0 natureza e dignidade para sua gente.<br \/>\nJorge Quintino<br \/>\nSeja seguidor do Instagram do Blog pelo @blogdoedvaldomagalhaes<br \/>\nFoto: Divulga\u00e7\u00e3o <\/p>\n","protected":false},"excerpt":{"rendered":"<p>O Parque Ambiental Janelas para o Rio \u00e9 muito mais do que uma nova \u00e1rea verde para Caruaru. \u00c9 uma&hellip;<\/p>\n","protected":false},"author":1,"featured_media":120039,"comment_status":"closed","ping_status":"open","sticky":false,"template":"","format":"standard","meta":{"footnotes":""},"categories":[14120],"tags":[30253,29440,13146,28801,33742,20],"class_list":["post-120036","post","type-post","status-publish","format-standard","has-post-thumbnail","hentry","category-noticias","tag-blog-caruaru","tag-blog-com-mais-visualizacao","tag-blog-edvaldo-magalhaes","tag-blog-mais-acessado","tag-janelas-do-desenvolvimento-e-respeito-a-natureza-por-jorge-quintino","tag-politica"],"_links":{"self":[{"href":"https:\/\/blogdoedvaldomagalhaes.com.br\/index.php\/wp-json\/wp\/v2\/posts\/120036","targetHints":{"allow":["GET"]}}],"collection":[{"href":"https:\/\/blogdoedvaldomagalhaes.com.br\/index.php\/wp-json\/wp\/v2\/posts"}],"about":[{"href":"https:\/\/blogdoedvaldomagalhaes.com.br\/index.php\/wp-json\/wp\/v2\/types\/post"}],"author":[{"embeddable":true,"href":"https:\/\/blogdoedvaldomagalhaes.com.br\/index.php\/wp-json\/wp\/v2\/users\/1"}],"replies":[{"embeddable":true,"href":"https:\/\/blogdoedvaldomagalhaes.com.br\/index.php\/wp-json\/wp\/v2\/comments?post=120036"}],"version-history":[{"count":1,"href":"https:\/\/blogdoedvaldomagalhaes.com.br\/index.php\/wp-json\/wp\/v2\/posts\/120036\/revisions"}],"predecessor-version":[{"id":120038,"href":"https:\/\/blogdoedvaldomagalhaes.com.br\/index.php\/wp-json\/wp\/v2\/posts\/120036\/revisions\/120038"}],"wp:featuredmedia":[{"embeddable":true,"href":"https:\/\/blogdoedvaldomagalhaes.com.br\/index.php\/wp-json\/wp\/v2\/media\/120039"}],"wp:attachment":[{"href":"https:\/\/blogdoedvaldomagalhaes.com.br\/index.php\/wp-json\/wp\/v2\/media?parent=120036"}],"wp:term":[{"taxonomy":"category","embeddable":true,"href":"https:\/\/blogdoedvaldomagalhaes.com.br\/index.php\/wp-json\/wp\/v2\/categories?post=120036"},{"taxonomy":"post_tag","embeddable":true,"href":"https:\/\/blogdoedvaldomagalhaes.com.br\/index.php\/wp-json\/wp\/v2\/tags?post=120036"}],"curies":[{"name":"wp","href":"https:\/\/api.w.org\/{rel}","templated":true}]}}