{"id":120033,"date":"2025-06-01T23:15:30","date_gmt":"2025-06-02T02:15:30","guid":{"rendered":"https:\/\/blogdoedvaldomagalhaes.com.br\/?p=120033"},"modified":"2025-06-01T23:15:30","modified_gmt":"2025-06-02T02:15:30","slug":"frei-gilson-faz-estreia-historica-com-a-banda-som-do-monte-nos-eua-e-reune-mais-de-10-mil-fieis-em-massachusetts","status":"publish","type":"post","link":"https:\/\/blogdoedvaldomagalhaes.com.br\/index.php\/2025\/06\/01\/frei-gilson-faz-estreia-historica-com-a-banda-som-do-monte-nos-eua-e-reune-mais-de-10-mil-fieis-em-massachusetts\/","title":{"rendered":"Frei Gilson faz estreia hist\u00f3rica com a banda Som do Monte nos EUA e re\u00fane mais de 10 mil fi\u00e9is em Massachusetts"},"content":{"rendered":"<p>A cidade de Worcester, Massachusetts, foi palco do  maior evento cat\u00f3lico voltado para a comunidade brasileira nos Estados Unidos. No \u00faltimo s\u00e1bado (31\/05), o DCU Center, recebeu cerca de 10 mil fi\u00e9is para uma intensa jornada de f\u00e9, louvor e espiritualidade, com a presen\u00e7a marcante de Frei Gilson, sacerdote carmelita conhecido por sua evangeliza\u00e7\u00e3o profunda e inspiradora. O show de Frei Gilson, que se encerrou \u00e0s 23 horas, teve duas horas de dura\u00e7\u00e3o.<br \/>\nOrganizado pela Comunidade Obra de Maria, o evento teve in\u00edcio ao meio-dia e seguiu at\u00e9 \u00e0s 22h (hor\u00e1rio dos EUA), reunindo cat\u00f3licos de diversos estados americanos em um mesmo esp\u00edrito de unidade. Com prega\u00e7\u00f5es, adora\u00e7\u00e3o, missa e show musical, o encontro proporcionou momentos de forte emo\u00e7\u00e3o, reafirmando a f\u00e9 de quem participou.<br \/>\nSegundo Gilberto Gomes  Barbosa, fundador da Obra de Maria, que participou do evento ao lado do cantor Juninho Cassimiro e do padre Edimilson, da Can\u00e7\u00e3o Nova, realizar um encontro desse porte foi um desafio gigantesco. \u201cApesar de ser uma grande dificuldade, um evento como esse reunir aproximadamente 10 mil pessoas foi espetacular.  Poderia ter sido o dobro, se n\u00e3o fosse a quest\u00e3o do greencard. Muitos brasileiros est\u00e3o com medo de sair de casa, mas foi o maior evento cat\u00f3lico dos Estados Unidos\u201d, concluiu.<br \/>\nFrei Gilson, em suas redes sociais, disse estar \u201csem palavras\u201d pelo que \u201cvivemos nos Estados Unidos\u201d. \u201cFoi um verdadeiro retiro espiritual, onde Deus falou profundamente a cada um de n\u00f3s \u201c, disse ele, ratificando que foi o maior evento j\u00e1 realizado para a comunidade brasileira nos Estados Unidos. \u201cHouve muitas adversidades que poderiam ter impedido esse encontro\u2026mas, desde o in\u00edcio, o evento contou com a b\u00ean\u00e7\u00e3o do bispo local e a Obra de Maria enfrentou cada desafio com muita f\u00e9 e coragem\u201d.<br \/>\nPrega\u00e7\u00f5es focadas na convers\u00e3o<br \/>\nNa primeira prega\u00e7\u00e3o do dia, Frei Gilson falou sobre a necessidade de uma verdadeira convers\u00e3o. Inspirado no encontro de Jesus com Nicodemos, destacou que s\u00f3 quem nasce de novo pode entender os mist\u00e9rios da f\u00e9. Refor\u00e7ou a import\u00e2ncia do batismo como porta de entrada para essa vida nova em Deus e alertou sobre crist\u00e3os que vivem na superficialidade, lembrando que a mudan\u00e7a de vida exige uma escolha livre e consciente.<br \/>\nNa segunda prega\u00e7\u00e3o do dia, Frei Gilson aprofundou o relato de Nicodemos, desta vez falando sobre o arrependimento dos pecados. Usando a imagem b\u00edblica da serpente de bronze, explicou que quem foi mordido pelo pecado s\u00f3 precisa olhar para Cristo para receber cura e perd\u00e3o. Ele destacou a confiss\u00e3o como ant\u00eddoto contra o pecado e lembrou que Deus prova seu amor mesmo diante da ingratid\u00e3o humana, enviando seu filho para morrer pelos pecados. \u201cO mundo pode te ignorar, mas Deus te valoriza\u201d, afirmou.<br \/>\nF\u00e9 atrav\u00e9s da m\u00fasica<br \/>\nAp\u00f3s um dia repleto de louvores, missa e prega\u00e7\u00f5es, Frei Gilson subiu ao palco para o primeiro show da sua banda Som do Monte nos Estados Unidos. A apresenta\u00e7\u00e3o come\u00e7ou com a can\u00e7\u00e3o \u201cColo de M\u00e3e\u201d, entoada em coro pelo p\u00fablico, criando um momento de forte emo\u00e7\u00e3o. Em seguida, vieram sucessos como \u201cMeu Cora\u00e7\u00e3o Est\u00e1 Pronto Pra Te Amar\u201d e \u201cAcalma Minha Tempestade\u201d, cantada com grande como\u00e7\u00e3o.<br \/>\n A apresenta\u00e7\u00e3o seguiu com \u201cMinha Fam\u00edlia \u00e9 uma Ben\u00e7\u00e3o\u201d, acompanhada de uma ora\u00e7\u00e3o pelas fam\u00edlias separadas pela dist\u00e2ncia, e outras can\u00e7\u00f5es marcantes como \u201cPescador de Homens\u201d, \u201cDias Dif\u00edceis\u201d e \u201cVem Queimar o Nosso Cora\u00e7\u00e3o\u201d, essa \u00faltima cantada em dueto com a vocalista Bruna Ramos, em um momento especial que o frei revelou n\u00e3o viver h\u00e1 muito tempo nos palcos.<br \/>\nA sequ\u00eancia continuou com \u201cVem Me Batizar Com Teu Fogo\u201d, \u201cPreciso S\u00f3 de Ti\u201d, \u201cDe Ti Preciso\u201d e \u201cPor Que Choras\u201d, preparando o p\u00fablico para o encerramento com can\u00e7\u00f5es consagradas como \u201cEu Te Levantarei\u201d, \u201cTu \u00c9s o Centro\u201d, \u201cEu Seguirei\u201d e \u201cDeixa Deus Sonhar em Ti\u201d. \u201cVoc\u00ea n\u00e3o alcan\u00e7ou nem a metade do que Deus tem pra voc\u00ea\u201d, disse Frei Gilson, refor\u00e7ando a mensagem de f\u00e9 e entrega.<br \/>\nO show foi encerrado com \u201cFogo do C\u00e9u\u201d, levando o est\u00e1dio \u00e0 vibra\u00e7\u00e3o m\u00e1xima em clima de Pentecostes. O frei estar\u00e1 presente na celebra\u00e7\u00e3o de Pentecostes nos dias 7 e 8 de junho, em Roma, evento organizado pela Obra de Maria, a mesma respons\u00e1vel pela realiza\u00e7\u00e3o do encontro nos EUA.<br \/>\nMuito al\u00e9m das fronteiras<br \/>\nO encontro foi um verdadeiro testemunho da f\u00e9 do povo brasileiro mesmo longe de casa. A proposta de reunir a comunidade para celebrar a presen\u00e7a de Cristo teve \u00eaxito, criando um ambiente acolhedor e profundamente espiritual.<br \/>\nSiga o Instagram do Blog pelo @blogdoedvaldomagalhaes<br \/>\nFoto: Divulga\u00e7\u00e3o <\/p>\n","protected":false},"excerpt":{"rendered":"<p>A cidade de Worcester, Massachusetts, foi palco do maior evento cat\u00f3lico voltado para a comunidade brasileira nos Estados Unidos. No&hellip;<\/p>\n","protected":false},"author":1,"featured_media":120034,"comment_status":"closed","ping_status":"open","sticky":false,"template":"","format":"standard","meta":{"footnotes":""},"categories":[14120],"tags":[28803,27410,2,28801,33741],"class_list":["post-120033","post","type-post","status-publish","format-standard","has-post-thumbnail","hentry","category-noticias","tag-blog-com-mais-visualizacoes","tag-blog-de-caruaru","tag-blog-do-edvaldo-magalhaes","tag-blog-mais-acessado","tag-frei-gilson-faz-estreia-historica-com-a-banda-som-do-monte-nos-eua-e-reune-mais-de-10-mil-fieis-em-massachusetts"],"_links":{"self":[{"href":"https:\/\/blogdoedvaldomagalhaes.com.br\/index.php\/wp-json\/wp\/v2\/posts\/120033","targetHints":{"allow":["GET"]}}],"collection":[{"href":"https:\/\/blogdoedvaldomagalhaes.com.br\/index.php\/wp-json\/wp\/v2\/posts"}],"about":[{"href":"https:\/\/blogdoedvaldomagalhaes.com.br\/index.php\/wp-json\/wp\/v2\/types\/post"}],"author":[{"embeddable":true,"href":"https:\/\/blogdoedvaldomagalhaes.com.br\/index.php\/wp-json\/wp\/v2\/users\/1"}],"replies":[{"embeddable":true,"href":"https:\/\/blogdoedvaldomagalhaes.com.br\/index.php\/wp-json\/wp\/v2\/comments?post=120033"}],"version-history":[{"count":1,"href":"https:\/\/blogdoedvaldomagalhaes.com.br\/index.php\/wp-json\/wp\/v2\/posts\/120033\/revisions"}],"predecessor-version":[{"id":120035,"href":"https:\/\/blogdoedvaldomagalhaes.com.br\/index.php\/wp-json\/wp\/v2\/posts\/120033\/revisions\/120035"}],"wp:featuredmedia":[{"embeddable":true,"href":"https:\/\/blogdoedvaldomagalhaes.com.br\/index.php\/wp-json\/wp\/v2\/media\/120034"}],"wp:attachment":[{"href":"https:\/\/blogdoedvaldomagalhaes.com.br\/index.php\/wp-json\/wp\/v2\/media?parent=120033"}],"wp:term":[{"taxonomy":"category","embeddable":true,"href":"https:\/\/blogdoedvaldomagalhaes.com.br\/index.php\/wp-json\/wp\/v2\/categories?post=120033"},{"taxonomy":"post_tag","embeddable":true,"href":"https:\/\/blogdoedvaldomagalhaes.com.br\/index.php\/wp-json\/wp\/v2\/tags?post=120033"}],"curies":[{"name":"wp","href":"https:\/\/api.w.org\/{rel}","templated":true}]}}