{"id":120030,"date":"2025-06-01T13:15:27","date_gmt":"2025-06-01T16:15:27","guid":{"rendered":"https:\/\/blogdoedvaldomagalhaes.com.br\/?p=120030"},"modified":"2025-06-01T13:15:27","modified_gmt":"2025-06-01T16:15:27","slug":"primeira-noite-dos-polos-juarez-santiago-e-camarao-foi-marcada-por-muito-forro","status":"publish","type":"post","link":"https:\/\/blogdoedvaldomagalhaes.com.br\/index.php\/2025\/06\/01\/primeira-noite-dos-polos-juarez-santiago-e-camarao-foi-marcada-por-muito-forro\/","title":{"rendered":"Primeira noite dos Polos Juarez Santiago e Camar\u00e3o foi marcada por muito forr\u00f3"},"content":{"rendered":"<p>Nesse s\u00e1bado (31.05), primeira noite do S\u00e3o Jo\u00e3o de Caruaru, os Polos Juarez Santiago e Camar\u00e3o foram marcados por muito forr\u00f3. <\/p>\n<p>A anima\u00e7\u00e3o do p\u00fablico no Juarez Santiago ficou por conta dos trios Forr\u00f3 do Bom, Vaqueiros do Asfalto, Alternativos do Forr\u00f3 e Arco \u00cdris, com a participa\u00e7\u00e3o especial de Jota Junior e Marlene do Forr\u00f3.<\/p>\n<p>A caruaruense Marlene do Forr\u00f3 se apresentou tamb\u00e9m no Polo Camar\u00e3o. A noite contou com os shows de Didi Caruaru, Heitor Pimenta, Salatiel D\u2019Camar\u00e3o e encerrou com a banda Forr\u00f3 Demais.<\/p>\n<p>Para o professor Carlos Fernando, \u00e9 uma alegria poder participar do S\u00e3o Jo\u00e3o de Caruaru. \u201c\u00c9 um prazer conhecer o Maior e Melhor S\u00e3o Jo\u00e3o do Mundo. Almocei no Alto do Moura e agora a noite vim dan\u00e7ar o aut\u00eantico forr\u00f3 p\u00e9 de serra\u201d, disse.<\/p>\n<p>Quem passou pela Esta\u00e7\u00e3o Ferrovi\u00e1ria, p\u00f4de ver a bel\u00edssima decora\u00e7\u00e3o deste ano, como a cidade cenogr\u00e1fica que, todos os anos, encanta os turistas que passam pelo local. \u201cA decora\u00e7\u00e3o est\u00e1 encantadora. Eu amo fazer parte dessa festa e s\u00f3 est\u00e1 come\u00e7ando\u201d, disse o cabeleireiro Sandro Costa.<\/p>\n<p>*Poesia e Cultura -* Neste s\u00e1bado tamb\u00e9m aconteceu o in\u00edcio das apresenta\u00e7\u00f5es no Polo do Repente L\u00eddio Cavalcanti. A emo\u00e7\u00e3o da poesia e da declama\u00e7\u00e3o ficou por conta do professor Urbano, com a palestra detalhando a origem do S\u00e3o Jo\u00e3o de Caruaru. Na sequ\u00eancia, foi a vez do esquete teatral com a pe\u00e7a A Vida de Pinto do Monteiro. A programa\u00e7\u00e3o do Polo seguiu com os declamadores Espingarda do Cordel, Chico Pedrosa e Marco Passos; os emboladores de Coco Barra Mansa e Curi\u00f3 de Bela Rosa; os repentistas Edmilson Ferreira, Ant\u00f4nio Lisboa e Raimundo Caetano. A noite foi encerrada com o show do sanfoneiro Aldrin Caruaru, \u00c9dson Bueno e Carlinhos PomPom.<\/p>\n<p>As festividades na Esta\u00e7\u00e3o ainda tiveram a apresenta\u00e7\u00e3o das bandas de p\u00edfanos Girassol, Princesa do Agreste e Alvorada. A emo\u00e7\u00e3o do pipoco que agita o cora\u00e7\u00e3o foram com os batalh\u00f5es 01, 13 e 139.<br \/>\nSiga o Instagram do Blog pelo @blogdoedvaldomagalhaes<\/p>\n","protected":false},"excerpt":{"rendered":"<p>Nesse s\u00e1bado (31.05), primeira noite do S\u00e3o Jo\u00e3o de Caruaru, os Polos Juarez Santiago e Camar\u00e3o foram marcados por muito&hellip;<\/p>\n","protected":false},"author":1,"featured_media":120031,"comment_status":"closed","ping_status":"open","sticky":false,"template":"","format":"standard","meta":{"footnotes":""},"categories":[14120],"tags":[30592,27410,2,28801,33740,6758],"class_list":["post-120030","post","type-post","status-publish","format-standard","has-post-thumbnail","hentry","category-noticias","tag-blog-com-mais-seguidores","tag-blog-de-caruaru","tag-blog-do-edvaldo-magalhaes","tag-blog-mais-acessado","tag-primeira-noite-dos-polos-juarez-santiago-e-camarao-foi-marcada-por-muito-forro","tag-sao-joao"],"_links":{"self":[{"href":"https:\/\/blogdoedvaldomagalhaes.com.br\/index.php\/wp-json\/wp\/v2\/posts\/120030","targetHints":{"allow":["GET"]}}],"collection":[{"href":"https:\/\/blogdoedvaldomagalhaes.com.br\/index.php\/wp-json\/wp\/v2\/posts"}],"about":[{"href":"https:\/\/blogdoedvaldomagalhaes.com.br\/index.php\/wp-json\/wp\/v2\/types\/post"}],"author":[{"embeddable":true,"href":"https:\/\/blogdoedvaldomagalhaes.com.br\/index.php\/wp-json\/wp\/v2\/users\/1"}],"replies":[{"embeddable":true,"href":"https:\/\/blogdoedvaldomagalhaes.com.br\/index.php\/wp-json\/wp\/v2\/comments?post=120030"}],"version-history":[{"count":1,"href":"https:\/\/blogdoedvaldomagalhaes.com.br\/index.php\/wp-json\/wp\/v2\/posts\/120030\/revisions"}],"predecessor-version":[{"id":120032,"href":"https:\/\/blogdoedvaldomagalhaes.com.br\/index.php\/wp-json\/wp\/v2\/posts\/120030\/revisions\/120032"}],"wp:featuredmedia":[{"embeddable":true,"href":"https:\/\/blogdoedvaldomagalhaes.com.br\/index.php\/wp-json\/wp\/v2\/media\/120031"}],"wp:attachment":[{"href":"https:\/\/blogdoedvaldomagalhaes.com.br\/index.php\/wp-json\/wp\/v2\/media?parent=120030"}],"wp:term":[{"taxonomy":"category","embeddable":true,"href":"https:\/\/blogdoedvaldomagalhaes.com.br\/index.php\/wp-json\/wp\/v2\/categories?post=120030"},{"taxonomy":"post_tag","embeddable":true,"href":"https:\/\/blogdoedvaldomagalhaes.com.br\/index.php\/wp-json\/wp\/v2\/tags?post=120030"}],"curies":[{"name":"wp","href":"https:\/\/api.w.org\/{rel}","templated":true}]}}