{"id":120024,"date":"2025-06-01T13:07:40","date_gmt":"2025-06-01T16:07:40","guid":{"rendered":"https:\/\/blogdoedvaldomagalhaes.com.br\/?p=120024"},"modified":"2025-06-01T13:11:32","modified_gmt":"2025-06-01T16:11:32","slug":"emocao-seguranca-e-valorizacao-da-multiculturalidade-marcam-abertura-da-etapa-urbana-do-sao-joao-de-caruaru","status":"publish","type":"post","link":"https:\/\/blogdoedvaldomagalhaes.com.br\/index.php\/2025\/06\/01\/emocao-seguranca-e-valorizacao-da-multiculturalidade-marcam-abertura-da-etapa-urbana-do-sao-joao-de-caruaru\/","title":{"rendered":"Emo\u00e7\u00e3o, seguran\u00e7a e valoriza\u00e7\u00e3o da multiculturalidade marcam abertura da etapa urbana do S\u00e3o Jo\u00e3o de Caruaru"},"content":{"rendered":"<p>_A primeira noite no P\u00e1tio de Eventos Luiz Lua Gonzaga celebrou o encontro entre o forr\u00f3 pernambucano e o ax\u00e9 baiano com p\u00fablico de todo o Brasil_<\/p>\n<p>O bal\u00e3o iluminado do P\u00e1tio de Eventos Luiz Lua Gonzaga marca o in\u00edcio de mais uma etapa do S\u00e3o Jo\u00e3o de Caruaru. Ap\u00f3s mais de um m\u00eas de programa\u00e7\u00e3o na Zona Rural, a festa chegou ao seu maior polo neste s\u00e1bado (31), em uma noite que celebrou o encontro do forr\u00f3 pernambucano com o ax\u00e9 baiano, marcada por muita emo\u00e7\u00e3o, alegria e seguran\u00e7a.<\/p>\n<p>Seguindo a tradi\u00e7\u00e3o que j\u00e1 faz parte do calend\u00e1rio caruaruense, a abertura da noite ficou por conta do espet\u00e1culo da Orquestra de P\u00edfanos de Caruaru, que re\u00fane mais de 100 m\u00fasicos entre 8 e 82 anos, sob comando do Maestro Mozart Vieira. Com participa\u00e7\u00e3o especial do cantor e compositor Onildo Almeida, Patrim\u00f4nio Vivo de Caruaru, o show celebrou a tradi\u00e7\u00e3o e a identidade do Nordeste.<\/p>\n<p>Em seguida, o caruaruense Matheus Vini fez sua estreia no Maior e Melhor S\u00e3o Jo\u00e3o do Mundo, e relatou a emo\u00e7\u00e3o de estar no palco dos seus sonhos. \u201cEssa noite foi uma realiza\u00e7\u00e3o de um sonho muito grande. Assim como todas essas milhares de pessoas a\u00ed fora, eu j\u00e1 estive a\u00ed. E eu sempre falei: \u2018Um dia eu vou estar nesse palco\u2019, e esse dia chegou. \u00c9 uma emo\u00e7\u00e3o muito grande\u201d, comemorou.<\/p>\n<p>A cantora Ivete Sangalo tamb\u00e9m elevou a temperatura da noite e retornou a Caruaru arrastando uma multid\u00e3o de f\u00e3s que dan\u00e7aram e cantaram sucessos da sua carreira e do \u201carrasta ax\u00e9\u201d, que combinou cl\u00e1ssicos juninos com a energia baiana.<\/p>\n<p>\u201cTem dentro de mim essa fogueira que a gente acende na porta de casa. O S\u00e3o Jo\u00e3o me traz uma mem\u00f3ria afetiva muito importante. \u00c9 o que me aproxima da minha origem, das minhas ra\u00edzes. Eu me sinto parte disso e me sinto honrad\u00edssima de poder cantar nessa festa\u201d, contou.<\/p>\n<p>Finalizando a noite, Solange Almeida n\u00e3o deixou o clima esfriar e estreou em Caruaru seu projeto \u201cSol Jo\u00e3o\u201d, combinando m\u00fasicas autorais e releituras de cl\u00e1ssicos do forr\u00f3. \u201cPernambuco \u00e9 um dos estados em que eu mais fa\u00e7o show durante todo o ano. E \u00e9 a segunda vez que eu fa\u00e7o a abertura do S\u00e3o Jo\u00e3o de Caruaru, que, de todos, \u00e9 o Maior e Melhor. Eu estou muito feliz\u201d, comemorou a baiana.<\/p>\n<p>A programa\u00e7\u00e3o no P\u00e1tio de Eventos Luiz Lua Gonzaga ter\u00e1 continuidade neste domingo (1\u00ba), com shows de Thayse Dias e das bandas Caninana, Mastruz com Leite e Lim\u00e3o com Mel.<br \/>\nSeja seguidor do Instagram do Blog pelo @blogdoedvaldomagalhaes<img loading=\"lazy\" decoding=\"async\" class=\"wp-image-120027 alignnone size-full\" src=\"https:\/\/blogdoedvaldomagalhaes.com.br\/wp-content\/uploads\/2025\/06\/img-20250601-wa00612094755337253243203.jpg\" width=\"2000\" height=\"1333\" srcset=\"https:\/\/blogdoedvaldomagalhaes.com.br\/wp-content\/uploads\/2025\/06\/img-20250601-wa00612094755337253243203.jpg 2000w, https:\/\/blogdoedvaldomagalhaes.com.br\/wp-content\/uploads\/2025\/06\/img-20250601-wa00612094755337253243203-300x200.jpg 300w, https:\/\/blogdoedvaldomagalhaes.com.br\/wp-content\/uploads\/2025\/06\/img-20250601-wa00612094755337253243203-1024x682.jpg 1024w, https:\/\/blogdoedvaldomagalhaes.com.br\/wp-content\/uploads\/2025\/06\/img-20250601-wa00612094755337253243203-768x512.jpg 768w, https:\/\/blogdoedvaldomagalhaes.com.br\/wp-content\/uploads\/2025\/06\/img-20250601-wa00612094755337253243203-1536x1024.jpg 1536w\" sizes=\"auto, (max-width: 2000px) 100vw, 2000px\" \/><\/p>\n<p>Fotos: Jorge Farias\/Secom\/PMC<\/p>\n","protected":false},"excerpt":{"rendered":"<p>_A primeira noite no P\u00e1tio de Eventos Luiz Lua Gonzaga celebrou o encontro entre o forr\u00f3 pernambucano e o ax\u00e9&hellip;<\/p>\n","protected":false},"author":1,"featured_media":120025,"comment_status":"closed","ping_status":"open","sticky":false,"template":"","format":"standard","meta":{"footnotes":""},"categories":[14120],"tags":[30253,29440,13146,28801,13421,6222,4309],"class_list":["post-120024","post","type-post","status-publish","format-standard","has-post-thumbnail","hentry","category-noticias","tag-blog-caruaru","tag-blog-com-mais-visualizacao","tag-blog-edvaldo-magalhaes","tag-blog-mais-acessado","tag-ivete-sangalo","tag-sao-joao-de-caruaru","tag-solange-almeida"],"_links":{"self":[{"href":"https:\/\/blogdoedvaldomagalhaes.com.br\/index.php\/wp-json\/wp\/v2\/posts\/120024","targetHints":{"allow":["GET"]}}],"collection":[{"href":"https:\/\/blogdoedvaldomagalhaes.com.br\/index.php\/wp-json\/wp\/v2\/posts"}],"about":[{"href":"https:\/\/blogdoedvaldomagalhaes.com.br\/index.php\/wp-json\/wp\/v2\/types\/post"}],"author":[{"embeddable":true,"href":"https:\/\/blogdoedvaldomagalhaes.com.br\/index.php\/wp-json\/wp\/v2\/users\/1"}],"replies":[{"embeddable":true,"href":"https:\/\/blogdoedvaldomagalhaes.com.br\/index.php\/wp-json\/wp\/v2\/comments?post=120024"}],"version-history":[{"count":3,"href":"https:\/\/blogdoedvaldomagalhaes.com.br\/index.php\/wp-json\/wp\/v2\/posts\/120024\/revisions"}],"predecessor-version":[{"id":120029,"href":"https:\/\/blogdoedvaldomagalhaes.com.br\/index.php\/wp-json\/wp\/v2\/posts\/120024\/revisions\/120029"}],"wp:featuredmedia":[{"embeddable":true,"href":"https:\/\/blogdoedvaldomagalhaes.com.br\/index.php\/wp-json\/wp\/v2\/media\/120025"}],"wp:attachment":[{"href":"https:\/\/blogdoedvaldomagalhaes.com.br\/index.php\/wp-json\/wp\/v2\/media?parent=120024"}],"wp:term":[{"taxonomy":"category","embeddable":true,"href":"https:\/\/blogdoedvaldomagalhaes.com.br\/index.php\/wp-json\/wp\/v2\/categories?post=120024"},{"taxonomy":"post_tag","embeddable":true,"href":"https:\/\/blogdoedvaldomagalhaes.com.br\/index.php\/wp-json\/wp\/v2\/tags?post=120024"}],"curies":[{"name":"wp","href":"https:\/\/api.w.org\/{rel}","templated":true}]}}