{"id":1200,"date":"2018-09-27T10:21:00","date_gmt":"2018-09-27T13:21:00","guid":{"rendered":"http:\/\/blogdoedvaldomagalhaes.com.br\/index.php\/2018\/09\/27\/policia-civil-realiza-operacao-e-2\/"},"modified":"2019-02-09T02:32:33","modified_gmt":"2019-02-09T04:32:33","slug":"policia-civil-realiza-operacao-e-2","status":"publish","type":"post","link":"https:\/\/blogdoedvaldomagalhaes.com.br\/index.php\/2018\/09\/27\/policia-civil-realiza-operacao-e-2\/","title":{"rendered":"Pol\u00edcia Civil realiza opera\u00e7\u00e3o em Cupira para prender integrantes de organiza\u00e7\u00e3o criminosa"},"content":{"rendered":"<div class=\"separator\" style=\"clear: both; text-align: center;\">\n<a href=\"https:\/\/4.bp.blogspot.com\/-BC0Jcx_dTSA\/W6yvAeCaeLI\/AAAAAAAA6u4\/IbIUp1VQQWQ4mCUR3e7Qw9UF5J3DnD7ywCLcBGAs\/s1600\/pm.jpg\" imageanchor=\"1\" style=\"margin-left: 1em; margin-right: 1em;\"><img loading=\"lazy\" decoding=\"async\" border=\"0\" data-original-height=\"352\" data-original-width=\"640\" height=\"350\" src=\"http:\/\/blogdoedvaldomagalhaes.com.br\/wp-content\/uploads\/2018\/09\/pm-4.jpg\" width=\"640\" \/><\/a><\/div>\n<div class=\"separator\" style=\"clear: both; text-align: center;\">\nFoto: Pol\u00edcia Civil\/Divulga\u00e7\u00e3o<\/div>\n<div class=\"separator\" style=\"clear: both; text-align: center;\">\n<\/div>\n<div style=\"background-color: white; box-sizing: border-box; line-height: 24px; margin-bottom: 10px; text-align: justify;\">\nA Pol\u00edcia Civil deflagrou, na manh\u00e3 desta quinta-feira (27), a Opera\u00e7\u00e3o Tocandira 2, na cidade de Cupira, Agreste pernambucano. O objetivo \u00e9 prender integrantes de uma organiza\u00e7\u00e3o criminosa.<\/div>\n<div style=\"background-color: white; box-sizing: border-box; line-height: 24px; margin-bottom: 10px; text-align: justify;\">\nContra os investigados, pr\u00e1tica de homic\u00eddios, tr\u00e1fico de drogas e associa\u00e7\u00e3o para o tr\u00e1fico, roubo, porte e posse de arma de fogo, corrup\u00e7\u00e3o de menores, coa\u00e7\u00e3o de testemunhas, recepta\u00e7\u00e3o e contrabando.<\/div>\n<div style=\"background-color: white; box-sizing: border-box; line-height: 24px; margin-bottom: 10px; text-align: justify;\">\nEst\u00e3o sendo cumpridos 26 mandados de pris\u00e3o expeditos pela Vara \u00danica da Comarca de Cupira. Mais de 100 policiais civis participam da a\u00e7\u00e3o. Os detalhes preliminares da opera\u00e7\u00e3o ser\u00e3o divulgados \u00e0s 10h, na DINTER 1, em Caruaru.<\/div>\n","protected":false},"excerpt":{"rendered":"<p>Foto: Pol\u00edcia Civil\/Divulga\u00e7\u00e3o A Pol\u00edcia Civil deflagrou, na manh\u00e3 desta quinta-feira (27), a Opera\u00e7\u00e3o Tocandira 2, na cidade de Cupira,&hellip;<\/p>\n","protected":false},"author":1,"featured_media":0,"comment_status":"open","ping_status":"open","sticky":false,"template":"","format":"standard","meta":{"footnotes":""},"categories":[1],"tags":[2,1159,13],"class_list":["post-1200","post","type-post","status-publish","format-standard","hentry","category-sem-categoria","tag-blog-do-edvaldo-magalhaes","tag-policia-civil-realiza-operacao-em-cupira-para-prender-integrantes-de-organizacao-criminosa","tag-policial"],"_links":{"self":[{"href":"https:\/\/blogdoedvaldomagalhaes.com.br\/index.php\/wp-json\/wp\/v2\/posts\/1200","targetHints":{"allow":["GET"]}}],"collection":[{"href":"https:\/\/blogdoedvaldomagalhaes.com.br\/index.php\/wp-json\/wp\/v2\/posts"}],"about":[{"href":"https:\/\/blogdoedvaldomagalhaes.com.br\/index.php\/wp-json\/wp\/v2\/types\/post"}],"author":[{"embeddable":true,"href":"https:\/\/blogdoedvaldomagalhaes.com.br\/index.php\/wp-json\/wp\/v2\/users\/1"}],"replies":[{"embeddable":true,"href":"https:\/\/blogdoedvaldomagalhaes.com.br\/index.php\/wp-json\/wp\/v2\/comments?post=1200"}],"version-history":[{"count":1,"href":"https:\/\/blogdoedvaldomagalhaes.com.br\/index.php\/wp-json\/wp\/v2\/posts\/1200\/revisions"}],"predecessor-version":[{"id":34402,"href":"https:\/\/blogdoedvaldomagalhaes.com.br\/index.php\/wp-json\/wp\/v2\/posts\/1200\/revisions\/34402"}],"wp:attachment":[{"href":"https:\/\/blogdoedvaldomagalhaes.com.br\/index.php\/wp-json\/wp\/v2\/media?parent=1200"}],"wp:term":[{"taxonomy":"category","embeddable":true,"href":"https:\/\/blogdoedvaldomagalhaes.com.br\/index.php\/wp-json\/wp\/v2\/categories?post=1200"},{"taxonomy":"post_tag","embeddable":true,"href":"https:\/\/blogdoedvaldomagalhaes.com.br\/index.php\/wp-json\/wp\/v2\/tags?post=1200"}],"curies":[{"name":"wp","href":"https:\/\/api.w.org\/{rel}","templated":true}]}}