{"id":119978,"date":"2025-05-30T18:51:03","date_gmt":"2025-05-30T21:51:03","guid":{"rendered":"https:\/\/blogdoedvaldomagalhaes.com.br\/?p=119978"},"modified":"2025-05-30T18:54:03","modified_gmt":"2025-05-30T21:54:03","slug":"caruaru-inaugura-segunda-cozinha-comunitaria-e-reforca-compromisso-no-combate-a-fome-no-municipio","status":"publish","type":"post","link":"https:\/\/blogdoedvaldomagalhaes.com.br\/index.php\/2025\/05\/30\/caruaru-inaugura-segunda-cozinha-comunitaria-e-reforca-compromisso-no-combate-a-fome-no-municipio\/","title":{"rendered":"Caruaru inaugura segunda Cozinha Comunit\u00e1ria e refor\u00e7a compromisso no combate \u00e0 fome no munic\u00edpio"},"content":{"rendered":"<p>_Nova unidade no Loteamento Novo Mundo conta com horta biofortificada e vai oferecer 200 refei\u00e7\u00f5es gratuitas por dia_<\/p>\n<p>Caruaru d\u00e1 mais um importante passo na promo\u00e7\u00e3o da seguran\u00e7a alimentar e no combate \u00e0 fome. Nesta sexta-feira (30), foi inaugurada a segunda Cozinha Comunit\u00e1ria do munic\u00edpio, localizada no Loteamento Novo Mundo. A cerim\u00f4nia de inaugura\u00e7\u00e3o contou com a presen\u00e7a da governadora Raquel Lyra, do prefeito Rodrigo Pinheiro, da vice-governadora Priscila Krause, da vice-prefeita Dayse Silva, al\u00e9m de vereadores, lideran\u00e7as locais e representantes da comunidade.<\/p>\n<p>O equipamento \u00e9 fruto de uma parceria entre a Prefeitura de Caruaru e o Governo do Estado de Pernambuco, por meio do Programa Bom Prato, e tem capacidade para fornecer gratuitamente at\u00e9 200 refei\u00e7\u00f5es di\u00e1rias, de segunda a sexta-feira, a pessoas em situa\u00e7\u00e3o de vulnerabilidade social. A nova unidade atende prioritariamente os moradores referenciados pelo CRAS Maria Auxiliadora, residentes do bairro Novo Mundo e de seu entorno.<\/p>\n<p>\u201cA cozinha comunit\u00e1ria \u00e9 garantia de seguran\u00e7a alimentar e de desenvolvimento econ\u00f4mico, porque tudo \u00e9 plantado ou comercializado aqui na nossa cidade, especialmente na zona rural, com produtores da agricultura familiar. A gente fica satisfeito, fica feliz, e sabe que ainda temos que trabalhar muito mais para ver Caruaru avan\u00e7ando\u201d, destacou o prefeito Rodrigo Pinheiro.<\/p>\n<p>Um dos diferenciais da nova unidade \u00e9 a implanta\u00e7\u00e3o da primeira horta biofortificada em uma cozinha comunit\u00e1ria de Caruaru. Cultivada com o apoio dos moradores da regi\u00e3o, a horta fornece alimentos que s\u00e3o utilizados no preparo das refei\u00e7\u00f5es e tamb\u00e9m gera renda para as fam\u00edlias envolvidas no cultivo.<\/p>\n<p>\u201cUma cozinha quer dizer muita coisa, principalmente para n\u00f3s que somos m\u00e3es. Quando nossos filhos pedem uma alimenta\u00e7\u00e3o que n\u00e3o podemos dar, isso parte o cora\u00e7\u00e3o da gente. Mas, a partir de hoje, podemos oferecer uma comida de qualidade aos nossos filhos\u201d, afirmou Lucilene Santos, moradora do bairro Novo Mundo.<\/p>\n<p>A primeira Cozinha Comunit\u00e1ria de Caruaru foi inaugurada em 2024, na Vila do Aeroporto. A amplia\u00e7\u00e3o da iniciativa no munic\u00edpio representa um avan\u00e7o no enfrentamento \u00e0 fome e reafirma o compromisso conjunto da Prefeitura de Caruaru e do Governo do Estado com pol\u00edticas p\u00fablicas que promovem dignidade e cidadania.<\/p>\n<p>\u201cEu sempre digo que ningu\u00e9m faz nada sozinha. Todos os dias, 40 mil pernambucanos e pernambucanas sentam-se \u00e0 mesa em uma cozinha comunit\u00e1ria, aberta pelo Governo de Pernambuco em parceria com as prefeituras. Para quem est\u00e1 em casa, fazendo a comida e vendo a falta que existe, essa \u00e9 tamb\u00e9m uma nova esperan\u00e7a\u201d, finalizou a governadora Raquel Lyra.<br \/>\nSeja seguidor do Instagram do Blog pelo @blogdoedvaldomagalhaes<\/p>\n<p><img loading=\"lazy\" decoding=\"async\" src=\"https:\/\/blogdoedvaldomagalhaes.com.br\/wp-content\/uploads\/2025\/05\/img-20250530-wa01293936201807153573663.jpg\" class=\"wp-image-119981 alignnone size-full\" width=\"1599\" height=\"1066\" srcset=\"https:\/\/blogdoedvaldomagalhaes.com.br\/wp-content\/uploads\/2025\/05\/img-20250530-wa01293936201807153573663.jpg 1599w, https:\/\/blogdoedvaldomagalhaes.com.br\/wp-content\/uploads\/2025\/05\/img-20250530-wa01293936201807153573663-300x200.jpg 300w, https:\/\/blogdoedvaldomagalhaes.com.br\/wp-content\/uploads\/2025\/05\/img-20250530-wa01293936201807153573663-1024x683.jpg 1024w, https:\/\/blogdoedvaldomagalhaes.com.br\/wp-content\/uploads\/2025\/05\/img-20250530-wa01293936201807153573663-768x512.jpg 768w, https:\/\/blogdoedvaldomagalhaes.com.br\/wp-content\/uploads\/2025\/05\/img-20250530-wa01293936201807153573663-1536x1024.jpg 1536w\" sizes=\"auto, (max-width: 1599px) 100vw, 1599px\" \/>Fotos: Elvis Edson|Jorge Farias<\/p>\n","protected":false},"excerpt":{"rendered":"<p>_Nova unidade no Loteamento Novo Mundo conta com horta biofortificada e vai oferecer 200 refei\u00e7\u00f5es gratuitas por dia_ Caruaru d\u00e1&hellip;<\/p>\n","protected":false},"author":1,"featured_media":119979,"comment_status":"closed","ping_status":"open","sticky":false,"template":"","format":"standard","meta":{"footnotes":""},"categories":[14122],"tags":[30592,27410,2,28801,33728,1950],"class_list":["post-119978","post","type-post","status-publish","format-standard","has-post-thumbnail","hentry","category-politica","tag-blog-com-mais-seguidores","tag-blog-de-caruaru","tag-blog-do-edvaldo-magalhaes","tag-blog-mais-acessado","tag-caruaru-inaugura-segunda-cozinha-comunitaria-e-reforca-compromisso-no-combate-a-fome-no-municipio","tag-noticias-de-caruaru"],"_links":{"self":[{"href":"https:\/\/blogdoedvaldomagalhaes.com.br\/index.php\/wp-json\/wp\/v2\/posts\/119978","targetHints":{"allow":["GET"]}}],"collection":[{"href":"https:\/\/blogdoedvaldomagalhaes.com.br\/index.php\/wp-json\/wp\/v2\/posts"}],"about":[{"href":"https:\/\/blogdoedvaldomagalhaes.com.br\/index.php\/wp-json\/wp\/v2\/types\/post"}],"author":[{"embeddable":true,"href":"https:\/\/blogdoedvaldomagalhaes.com.br\/index.php\/wp-json\/wp\/v2\/users\/1"}],"replies":[{"embeddable":true,"href":"https:\/\/blogdoedvaldomagalhaes.com.br\/index.php\/wp-json\/wp\/v2\/comments?post=119978"}],"version-history":[{"count":2,"href":"https:\/\/blogdoedvaldomagalhaes.com.br\/index.php\/wp-json\/wp\/v2\/posts\/119978\/revisions"}],"predecessor-version":[{"id":119982,"href":"https:\/\/blogdoedvaldomagalhaes.com.br\/index.php\/wp-json\/wp\/v2\/posts\/119978\/revisions\/119982"}],"wp:featuredmedia":[{"embeddable":true,"href":"https:\/\/blogdoedvaldomagalhaes.com.br\/index.php\/wp-json\/wp\/v2\/media\/119979"}],"wp:attachment":[{"href":"https:\/\/blogdoedvaldomagalhaes.com.br\/index.php\/wp-json\/wp\/v2\/media?parent=119978"}],"wp:term":[{"taxonomy":"category","embeddable":true,"href":"https:\/\/blogdoedvaldomagalhaes.com.br\/index.php\/wp-json\/wp\/v2\/categories?post=119978"},{"taxonomy":"post_tag","embeddable":true,"href":"https:\/\/blogdoedvaldomagalhaes.com.br\/index.php\/wp-json\/wp\/v2\/tags?post=119978"}],"curies":[{"name":"wp","href":"https:\/\/api.w.org\/{rel}","templated":true}]}}