{"id":119975,"date":"2025-05-30T18:42:36","date_gmt":"2025-05-30T21:42:36","guid":{"rendered":"https:\/\/blogdoedvaldomagalhaes.com.br\/?p=119975"},"modified":"2025-05-30T18:42:36","modified_gmt":"2025-05-30T21:42:36","slug":"piso-salarial-para-cirurgioes-dentistas-e-medicos-avanca-no-congresso-nacional","status":"publish","type":"post","link":"https:\/\/blogdoedvaldomagalhaes.com.br\/index.php\/2025\/05\/30\/piso-salarial-para-cirurgioes-dentistas-e-medicos-avanca-no-congresso-nacional\/","title":{"rendered":"Piso salarial para cirurgi\u00f5es-dentistas e m\u00e9dicos avan\u00e7a no Congresso Nacional"},"content":{"rendered":"<p>_O deputado federal Lucas Ramos e o presidente do CRO-PE, Eduardo Vasconcelos, comemoraram mais uma etapa vencida_<\/p>\n<p>O Projeto de Lei 765\/2015, que estabelece o piso salarial nacional para cirurgi\u00f5es-dentistas e m\u00e9dicos, avan\u00e7ou mais uma etapa no Congresso Nacional. Aprovado por unanimidade na Comiss\u00e3o de Trabalho da C\u00e2mara dos Deputados, o texto relatado pelo deputado Lucas Ramos (PSB-PE) fixa o piso em R$ 10.513,00 para jornada de quatro horas di\u00e1rias ou 20 horas semanais, com reajuste anual e adicional de 50% para trabalho noturno. A proposta, que re\u00fane projetos semelhantes, \u00e9 de autoria do ex-deputado Benjamin Maranh\u00e3o.<\/p>\n<p>A medida foi comemorada por entidades da Odontologia em todo o pa\u00eds. O Conselho Regional de Odontologia de Pernambuco (CRO-PE) destacou a import\u00e2ncia do avan\u00e7o para os profissionais que atuam no Sistema \u00danico de Sa\u00fade (SUS). O presidente da entidade, Eduardo Vasconcelos, acompanhou a vota\u00e7\u00e3o em Bras\u00edlia e afirmou: \u201cEssa \u00e9 uma vit\u00f3ria coletiva da Odontologia brasileira. Agradecemos ao deputado Lucas Ramos pela sensibilidade e pelo compromisso com a valoriza\u00e7\u00e3o da nossa profiss\u00e3o\u201d.<\/p>\n<p>Relator da proposta, o deputado Lucas Ramos destacou o simbolismo da aprova\u00e7\u00e3o como um reconhecimento ao trabalho de milhares de profissionais da sa\u00fade. \u201c\u00c9 uma quest\u00e3o de justi\u00e7a. Uma vit\u00f3ria do SUS, da sa\u00fade p\u00fablica e uma vit\u00f3ria do Brasil. Estamos avan\u00e7ando para garantir dignidade a quem dedica a vida ao cuidado com a popula\u00e7\u00e3o\u201d, declarou o parlamentar pernambucano.<\/p>\n<p>Agora, o projeto segue para an\u00e1lise na Comiss\u00e3o de Finan\u00e7as e Tributa\u00e7\u00e3o da C\u00e2mara dos Deputados. Se aprovado, ser\u00e1 encaminhado ao Senado Federal. A expectativa das entidades da Odontologia \u00e9 que o Congresso mantenha o ritmo de tramita\u00e7\u00e3o e aprove definitivamente o piso salarial, assegurando valoriza\u00e7\u00e3o profissional e melhores condi\u00e7\u00f5es de trabalho para dentistas e m\u00e9dicos em todo o pa\u00eds.<br \/>\nSiga o Instagram do Blog pelo @blogdoedvaldomagalhaes<br \/>\nFoto: Divulga\u00e7\u00e3o <\/p>\n","protected":false},"excerpt":{"rendered":"<p>_O deputado federal Lucas Ramos e o presidente do CRO-PE, Eduardo Vasconcelos, comemoraram mais uma etapa vencida_ O Projeto de&hellip;<\/p>\n","protected":false},"author":1,"featured_media":119976,"comment_status":"closed","ping_status":"open","sticky":false,"template":"","format":"standard","meta":{"footnotes":""},"categories":[14120],"tags":[29440,27410,13146,28801,33727],"class_list":["post-119975","post","type-post","status-publish","format-standard","has-post-thumbnail","hentry","category-noticias","tag-blog-com-mais-visualizacao","tag-blog-de-caruaru","tag-blog-edvaldo-magalhaes","tag-blog-mais-acessado","tag-piso-salarial-para-cirurgioes-dentistas-e-medicos-avanca-no-congresso-nacional"],"_links":{"self":[{"href":"https:\/\/blogdoedvaldomagalhaes.com.br\/index.php\/wp-json\/wp\/v2\/posts\/119975","targetHints":{"allow":["GET"]}}],"collection":[{"href":"https:\/\/blogdoedvaldomagalhaes.com.br\/index.php\/wp-json\/wp\/v2\/posts"}],"about":[{"href":"https:\/\/blogdoedvaldomagalhaes.com.br\/index.php\/wp-json\/wp\/v2\/types\/post"}],"author":[{"embeddable":true,"href":"https:\/\/blogdoedvaldomagalhaes.com.br\/index.php\/wp-json\/wp\/v2\/users\/1"}],"replies":[{"embeddable":true,"href":"https:\/\/blogdoedvaldomagalhaes.com.br\/index.php\/wp-json\/wp\/v2\/comments?post=119975"}],"version-history":[{"count":1,"href":"https:\/\/blogdoedvaldomagalhaes.com.br\/index.php\/wp-json\/wp\/v2\/posts\/119975\/revisions"}],"predecessor-version":[{"id":119977,"href":"https:\/\/blogdoedvaldomagalhaes.com.br\/index.php\/wp-json\/wp\/v2\/posts\/119975\/revisions\/119977"}],"wp:featuredmedia":[{"embeddable":true,"href":"https:\/\/blogdoedvaldomagalhaes.com.br\/index.php\/wp-json\/wp\/v2\/media\/119976"}],"wp:attachment":[{"href":"https:\/\/blogdoedvaldomagalhaes.com.br\/index.php\/wp-json\/wp\/v2\/media?parent=119975"}],"wp:term":[{"taxonomy":"category","embeddable":true,"href":"https:\/\/blogdoedvaldomagalhaes.com.br\/index.php\/wp-json\/wp\/v2\/categories?post=119975"},{"taxonomy":"post_tag","embeddable":true,"href":"https:\/\/blogdoedvaldomagalhaes.com.br\/index.php\/wp-json\/wp\/v2\/tags?post=119975"}],"curies":[{"name":"wp","href":"https:\/\/api.w.org\/{rel}","templated":true}]}}