{"id":119973,"date":"2025-05-30T15:56:00","date_gmt":"2025-05-30T18:56:00","guid":{"rendered":"https:\/\/blogdoedvaldomagalhaes.com.br\/?p=119973"},"modified":"2025-05-30T15:56:00","modified_gmt":"2025-05-30T18:56:00","slug":"maio-verde-alerta-para-o-glaucoma-principal-causa-de-cegueira-irreversivel-no-brasil","status":"publish","type":"post","link":"https:\/\/blogdoedvaldomagalhaes.com.br\/index.php\/2025\/05\/30\/maio-verde-alerta-para-o-glaucoma-principal-causa-de-cegueira-irreversivel-no-brasil\/","title":{"rendered":"Maio Verde alerta para o glaucoma, principal causa de cegueira irrevers\u00edvel no Brasil"},"content":{"rendered":"<p class=\"s3\"><span style=\"font-size: revert;\">Campanha nacional refor\u00e7a a import\u00e2ncia do diagn\u00f3stico precoce e do tratamento cont\u00ednuo para evitar a perda permanente da vis\u00e3o <\/span><\/p>\n<p class=\"s3\"><span style=\"font-size: revert;\">O glaucoma \u00e9 a doen\u00e7a considerada a principal causa de cegueira irrevers\u00edvel no pa\u00eds e no mundo, atingindo mais de 1,7 milh\u00e3o de brasileiros. A iniciativa do Maio Verde, campanha nacional dedicada \u00e0 conscientiza\u00e7\u00e3o sobre o glaucoma, institu\u00edda pela Lei n\u00ba 10.456\/2002, visa destacar a import\u00e2ncia de pol\u00edticas p\u00fablicas de \u00a0preven\u00e7\u00e3o, diagn\u00f3stico precoce e tratamento adequado para conter o avan\u00e7o da enfermidade.<\/span><\/p>\n<p class=\"s7\"><span class=\"s6\"><span class=\"bumpedFont15\">Apesar de poder surgir em qualquer fase da vida, o glaucoma \u00e9 mais comum a partir dos 40 anos e se agrava com o envelhecimento. Dados recentes apontam que a doen\u00e7a atinge mais de 6% da popula\u00e7\u00e3o acima dos 70 anos, tem maior incid\u00eancia em pessoas negras (pretas e pardas), cuja preval\u00eancia chega a 3,8%, frente a 2,1% entre pessoas brancas. <\/span><\/span><\/p>\n<p class=\"s7\"><span class=\"s6\"><span class=\"bumpedFont15\">De acordo com o oftalmologista Dr. Natanael Figueiroa, do Hospital Santa Luzia, com o avan\u00e7ar da idade, \u201ca preval\u00eancia vai aumentando, a <\/span><\/span><span class=\"s6\"><span class=\"bumpedFont15\">incid\u00eancia vai avan\u00e7ando<\/span><\/span><span class=\"s6\"><span class=\"bumpedFont15\">\u201d. \u201cA maioria dos casos s\u00e3o glaucomas mais leves que, se tratados nesse est\u00e1gio, n\u00e3o evoluem para uma situa\u00e7\u00e3o agressiva\u201d, afirmou ele, em entrevista \u00e0 CBN. O especialista destaca que a identifica\u00e7\u00e3o precoce da doen\u00e7a permite um controle eficaz e evita danos irrevers\u00edveis \u00e0 vis\u00e3o.<\/span><\/span><\/p>\n<p class=\"s7\"><span class=\"s6\"><span class=\"bumpedFont15\">O glaucoma cr\u00f4nico evolui de forma silenciosa e progressiva, sem sintomas percept\u00edveis nas fases iniciais. J\u00e1 o glaucoma agudo pode causar dores. Quando n\u00e3o tratado, pode levar \u00e0 perda total da vis\u00e3o. Por isso, o exame oftalmol\u00f3gico regular \u00e9 a principal arma contra o avan\u00e7o da doen\u00e7a, especialmente entre grupos de risco.<\/span><\/span><\/p>\n<p class=\"s7\"><span class=\"s6\"><span class=\"bumpedFont15\">Entre 2014 e 2024, foram registradas 65.122 interna\u00e7\u00f5es por glaucoma no Brasil, com os maiores picos concentrados nos anos de 2022, 2023 e 2024. A Regi\u00e3o Sudeste respondeu por 47,9% dos casos, seguida pelo Nordeste, com 22,6%, refor\u00e7ando a urg\u00eancia de ampliar o acesso \u00e0 informa\u00e7\u00e3o, aos exames e ao tratamento.<\/span><\/span><\/p>\n<p class=\"s7\"><span class=\"s6\"><span class=\"bumpedFont15\">Dr. Natanael Figueiroa tamb\u00e9m chama aten\u00e7\u00e3o para os desafios no tratamento cont\u00ednuo da doen\u00e7a. \u201cHoje temos diversas alternativas de medicamentos, mas s\u00e3o tratamentos que superam a faixa dos 100 reais. Se pensarmos que o paciente pode precisar usar o col\u00edrio pelo resto da vida, isso dificulta a ades\u00e3o \u00e0 medica\u00e7\u00e3o\u201d, explica. <\/span><\/span><\/p>\n<p class=\"s7\"><span class=\"s6\"><span class=\"bumpedFont15\">O oftalmologista ressalta que o glaucoma apresenta sintomas apenas em fases mais avan\u00e7adas, o que faz com que muitos pacientes descubram a doen\u00e7a em consultas de rotina, ainda sem qualquer queixa visual. Por isso, quem n\u00e3o realiza exames oftalmol\u00f3gicos preventivos corre o risco de receber o diagn\u00f3stico tardiamente, quando os danos \u00e0 vis\u00e3o j\u00e1 s\u00e3o mais dif\u00edceis de controlar. \u201cEntre o custo, os efeitos colaterais locais e a aus\u00eancia de sintomas, a ades\u00e3o se torna um desafio, o que exige buscar alternativas, como lasers, para suprir esse d\u00e9ficit\u201d, completou o oftalmologista.<\/span><\/span><\/p>\n<p class=\"s7\"><span class=\"s6\"><span class=\"bumpedFont15\">O Maio Verde \u00e9 uma oportunidade estrat\u00e9gica para refor\u00e7ar o compromisso com a sa\u00fade ocular da popula\u00e7\u00e3o e ampliar o alcance de informa\u00e7\u00f5es fundamentais que podem salvar a vis\u00e3o de milhares de brasileiros.<br \/>\nSeja seguidor do Instagram do Blog pelo @blogdoedvaldomagalhaes<br \/>\nFoto: Getty Imagens\/Divulga\u00e7\u00e3o<br \/>\n<\/span><\/span><\/p>\n<p class=\"s8\">\n","protected":false},"excerpt":{"rendered":"<p>Campanha nacional refor\u00e7a a import\u00e2ncia do diagn\u00f3stico precoce e do tratamento cont\u00ednuo para evitar a perda permanente da vis\u00e3o O&hellip;<\/p>\n","protected":false},"author":1,"featured_media":119971,"comment_status":"closed","ping_status":"open","sticky":false,"template":"","format":"standard","meta":{"footnotes":""},"categories":[14120],"tags":[28803,27410,13146,28801],"class_list":["post-119973","post","type-post","status-publish","format-standard","has-post-thumbnail","hentry","category-noticias","tag-blog-com-mais-visualizacoes","tag-blog-de-caruaru","tag-blog-edvaldo-magalhaes","tag-blog-mais-acessado"],"_links":{"self":[{"href":"https:\/\/blogdoedvaldomagalhaes.com.br\/index.php\/wp-json\/wp\/v2\/posts\/119973","targetHints":{"allow":["GET"]}}],"collection":[{"href":"https:\/\/blogdoedvaldomagalhaes.com.br\/index.php\/wp-json\/wp\/v2\/posts"}],"about":[{"href":"https:\/\/blogdoedvaldomagalhaes.com.br\/index.php\/wp-json\/wp\/v2\/types\/post"}],"author":[{"embeddable":true,"href":"https:\/\/blogdoedvaldomagalhaes.com.br\/index.php\/wp-json\/wp\/v2\/users\/1"}],"replies":[{"embeddable":true,"href":"https:\/\/blogdoedvaldomagalhaes.com.br\/index.php\/wp-json\/wp\/v2\/comments?post=119973"}],"version-history":[{"count":1,"href":"https:\/\/blogdoedvaldomagalhaes.com.br\/index.php\/wp-json\/wp\/v2\/posts\/119973\/revisions"}],"predecessor-version":[{"id":119974,"href":"https:\/\/blogdoedvaldomagalhaes.com.br\/index.php\/wp-json\/wp\/v2\/posts\/119973\/revisions\/119974"}],"wp:featuredmedia":[{"embeddable":true,"href":"https:\/\/blogdoedvaldomagalhaes.com.br\/index.php\/wp-json\/wp\/v2\/media\/119971"}],"wp:attachment":[{"href":"https:\/\/blogdoedvaldomagalhaes.com.br\/index.php\/wp-json\/wp\/v2\/media?parent=119973"}],"wp:term":[{"taxonomy":"category","embeddable":true,"href":"https:\/\/blogdoedvaldomagalhaes.com.br\/index.php\/wp-json\/wp\/v2\/categories?post=119973"},{"taxonomy":"post_tag","embeddable":true,"href":"https:\/\/blogdoedvaldomagalhaes.com.br\/index.php\/wp-json\/wp\/v2\/tags?post=119973"}],"curies":[{"name":"wp","href":"https:\/\/api.w.org\/{rel}","templated":true}]}}