{"id":119961,"date":"2025-05-30T10:18:04","date_gmt":"2025-05-30T13:18:04","guid":{"rendered":"https:\/\/blogdoedvaldomagalhaes.com.br\/?p=119961"},"modified":"2025-05-30T10:21:14","modified_gmt":"2025-05-30T13:21:14","slug":"noite-evangelica-emociona-fieis-no-polo-azulao","status":"publish","type":"post","link":"https:\/\/blogdoedvaldomagalhaes.com.br\/index.php\/2025\/05\/30\/noite-evangelica-emociona-fieis-no-polo-azulao\/","title":{"rendered":"Noite evang\u00e9lica emociona fi\u00e9is no Polo Azul\u00e3o"},"content":{"rendered":"<p>Uma noite de ora\u00e7\u00e3o, louvores e emo\u00e7\u00e3o foi a marca do in\u00edcio do Polo Azul\u00e3o, nessa quinta-feira (29), no S\u00e3o Jo\u00e3o de Caruaru. Os milhares de fi\u00e9is presentes foram embalados por palavras de f\u00e9 do Pastor J\u00fanior, que fez a ora\u00e7\u00e3o de abertura do evento.<\/p>\n<p>Em seguida, a cantora Yonara Medeiros, cuja banda conta, tamb\u00e9m, com suas filhas, animou o p\u00fablico com um gospel dan\u00e7ante.<\/p>\n<p>O presidente da Funda\u00e7\u00e3o de Cultura de Caruaru prestigiou a abertura. \u201cO S\u00e3o Jo\u00e3o de Caruaru tem como principal caracter\u00edstica essa multiculturalidade e, principalmente, respeito \u00e0 diversidade e \u00e0s v\u00e1rias manifesta\u00e7\u00f5es. Prova disso \u00e9 essa noite evang\u00e9lica, profetizando f\u00e9 e aben\u00e7oando o in\u00edcio da nossa festa na zona urbana\u201d, ressaltou.<\/p>\n<p>Com 40 anos de carreira, a cantora Cassiane encerrou a noite para um p\u00fablico emocionado e ansioso por seus sucessos e sua prega\u00e7\u00e3o. \u201cEstou feliz de estar aqui em Caruaru trazendo f\u00e9, esperan\u00e7a e adora\u00e7\u00e3o a esse povo querido\u201d, disse.<\/p>\n<p>A programa\u00e7\u00e3o do Polo Azul\u00e3o retorna, na pr\u00f3xima quinta-feira (5), com o Festival Rock Azulado, apresentando diversas bandas caruaruenses do g\u00eanero musical.<br \/>\nSiga o Instagram do Blog pelo @blogdoedvaldomagalhaes<\/p>\n<p><img loading=\"lazy\" decoding=\"async\" src=\"https:\/\/blogdoedvaldomagalhaes.com.br\/wp-content\/uploads\/2025\/05\/img-20250530-wa00327141421897822430723.jpg\" class=\"wp-image-119964 alignnone size-full\" width=\"2000\" height=\"1333\" srcset=\"https:\/\/blogdoedvaldomagalhaes.com.br\/wp-content\/uploads\/2025\/05\/img-20250530-wa00327141421897822430723.jpg 2000w, https:\/\/blogdoedvaldomagalhaes.com.br\/wp-content\/uploads\/2025\/05\/img-20250530-wa00327141421897822430723-300x200.jpg 300w, https:\/\/blogdoedvaldomagalhaes.com.br\/wp-content\/uploads\/2025\/05\/img-20250530-wa00327141421897822430723-1024x682.jpg 1024w, https:\/\/blogdoedvaldomagalhaes.com.br\/wp-content\/uploads\/2025\/05\/img-20250530-wa00327141421897822430723-768x512.jpg 768w, https:\/\/blogdoedvaldomagalhaes.com.br\/wp-content\/uploads\/2025\/05\/img-20250530-wa00327141421897822430723-1536x1024.jpg 1536w\" sizes=\"auto, (max-width: 2000px) 100vw, 2000px\" \/><img loading=\"lazy\" decoding=\"async\" src=\"https:\/\/blogdoedvaldomagalhaes.com.br\/wp-content\/uploads\/2025\/05\/img-20250530-wa00332413029332228596452.jpg\" class=\"wp-image-119965 alignnone size-full\" width=\"2000\" height=\"1333\" srcset=\"https:\/\/blogdoedvaldomagalhaes.com.br\/wp-content\/uploads\/2025\/05\/img-20250530-wa00332413029332228596452.jpg 2000w, https:\/\/blogdoedvaldomagalhaes.com.br\/wp-content\/uploads\/2025\/05\/img-20250530-wa00332413029332228596452-300x200.jpg 300w, https:\/\/blogdoedvaldomagalhaes.com.br\/wp-content\/uploads\/2025\/05\/img-20250530-wa00332413029332228596452-1024x682.jpg 1024w, https:\/\/blogdoedvaldomagalhaes.com.br\/wp-content\/uploads\/2025\/05\/img-20250530-wa00332413029332228596452-768x512.jpg 768w, https:\/\/blogdoedvaldomagalhaes.com.br\/wp-content\/uploads\/2025\/05\/img-20250530-wa00332413029332228596452-1536x1024.jpg 1536w\" sizes=\"auto, (max-width: 2000px) 100vw, 2000px\" \/><\/p>\n<p>Fotos: Jorge Farias<\/p>\n","protected":false},"excerpt":{"rendered":"<p>Uma noite de ora\u00e7\u00e3o, louvores e emo\u00e7\u00e3o foi a marca do in\u00edcio do Polo Azul\u00e3o, nessa quinta-feira (29), no S\u00e3o&hellip;<\/p>\n","protected":false},"author":1,"featured_media":119962,"comment_status":"closed","ping_status":"open","sticky":false,"template":"","format":"standard","meta":{"footnotes":""},"categories":[14120],"tags":[30253,30592,13146,28801,33726,6222],"class_list":["post-119961","post","type-post","status-publish","format-standard","has-post-thumbnail","hentry","category-noticias","tag-blog-caruaru","tag-blog-com-mais-seguidores","tag-blog-edvaldo-magalhaes","tag-blog-mais-acessado","tag-noite-evangelica-emociona-fieis-no-polo-azulao","tag-sao-joao-de-caruaru"],"_links":{"self":[{"href":"https:\/\/blogdoedvaldomagalhaes.com.br\/index.php\/wp-json\/wp\/v2\/posts\/119961","targetHints":{"allow":["GET"]}}],"collection":[{"href":"https:\/\/blogdoedvaldomagalhaes.com.br\/index.php\/wp-json\/wp\/v2\/posts"}],"about":[{"href":"https:\/\/blogdoedvaldomagalhaes.com.br\/index.php\/wp-json\/wp\/v2\/types\/post"}],"author":[{"embeddable":true,"href":"https:\/\/blogdoedvaldomagalhaes.com.br\/index.php\/wp-json\/wp\/v2\/users\/1"}],"replies":[{"embeddable":true,"href":"https:\/\/blogdoedvaldomagalhaes.com.br\/index.php\/wp-json\/wp\/v2\/comments?post=119961"}],"version-history":[{"count":2,"href":"https:\/\/blogdoedvaldomagalhaes.com.br\/index.php\/wp-json\/wp\/v2\/posts\/119961\/revisions"}],"predecessor-version":[{"id":119966,"href":"https:\/\/blogdoedvaldomagalhaes.com.br\/index.php\/wp-json\/wp\/v2\/posts\/119961\/revisions\/119966"}],"wp:featuredmedia":[{"embeddable":true,"href":"https:\/\/blogdoedvaldomagalhaes.com.br\/index.php\/wp-json\/wp\/v2\/media\/119962"}],"wp:attachment":[{"href":"https:\/\/blogdoedvaldomagalhaes.com.br\/index.php\/wp-json\/wp\/v2\/media?parent=119961"}],"wp:term":[{"taxonomy":"category","embeddable":true,"href":"https:\/\/blogdoedvaldomagalhaes.com.br\/index.php\/wp-json\/wp\/v2\/categories?post=119961"},{"taxonomy":"post_tag","embeddable":true,"href":"https:\/\/blogdoedvaldomagalhaes.com.br\/index.php\/wp-json\/wp\/v2\/tags?post=119961"}],"curies":[{"name":"wp","href":"https:\/\/api.w.org\/{rel}","templated":true}]}}