{"id":119957,"date":"2025-05-30T10:07:30","date_gmt":"2025-05-30T13:07:30","guid":{"rendered":"https:\/\/blogdoedvaldomagalhaes.com.br\/?p=119957"},"modified":"2025-05-30T10:46:56","modified_gmt":"2025-05-30T13:46:56","slug":"sao-joao-de-caruaru-chega-a-area-urbana-com-atracoes-locais-e-nacionais-e-expectativa-de-4-milhoes-de-visitantes","status":"publish","type":"post","link":"https:\/\/blogdoedvaldomagalhaes.com.br\/index.php\/2025\/05\/30\/sao-joao-de-caruaru-chega-a-area-urbana-com-atracoes-locais-e-nacionais-e-expectativa-de-4-milhoes-de-visitantes\/","title":{"rendered":"S\u00e3o Jo\u00e3o de Caruaru chega \u00e0 \u00e1rea urbana com atra\u00e7\u00f5es locais e nacionais e expectativa de 4 milh\u00f5es de visitantes"},"content":{"rendered":"<p>S\u00e3o Jo\u00e3o de Caruaru chega \u00e0 \u00e1rea urbana com atra\u00e7\u00f5es locais e nacionais e expectativa de 4 milh\u00f5es de visitantes<br \/>\n_A nova etapa da festa re\u00fane 14 polos com atra\u00e7\u00f5es de diversas linguagens art\u00edsticas e 79% da grade composta por artistas locais_<\/p>\n<p>Depois de percorrer 13 comunidades rurais, o S\u00e3o Jo\u00e3o de Caruaru inicia, nesta semana, sua etapa urbana. Ap\u00f3s a estreia do Polo Azul\u00e3o nesta quinta-feira (29), a programa\u00e7\u00e3o agora segue para o P\u00e1tio de Eventos Luiz Lua Gonzaga e mais doze polos de festividade, que receber\u00e3o atra\u00e7\u00f5es de m\u00fasica, dan\u00e7a, teatro, cinema e diversas outras linguagens art\u00edsticas. Neste ano, a expectativa \u00e9 que a festa receba 3,8 milh\u00f5es de visitantes e movimente cerca de R$ 700 milh\u00f5es. <\/p>\n<p>No conhecido P\u00e1tio do Forr\u00f3, a abertura segue seu rito tradicional com o Maestro Mozart Vieira e os 150 m\u00fasicos da Orquestra de P\u00edfanos de Caruaru, a partir das 20h deste s\u00e1bado (31). Em seguida, sobem ao palco o cantor caruaruense Matheus Vinni, fazendo sua estreia no maior palco do S\u00e3o Jo\u00e3o, e as cantoras baianas Solange Almeida e Ivete Sangalo, que retornam \u00e0 cidade para fazer a alegria da legi\u00e3o de f\u00e3s.<\/p>\n<p>No domingo (1\u00ba), o in\u00edcio da programa\u00e7\u00e3o tamb\u00e9m fica a cargo de uma atra\u00e7\u00e3o caruaruense: a cantora Thayse Dias, a partir das 19h30. Em seguida, o repert\u00f3rio ser\u00e1 dominado pelo amado \u201cforr\u00f3 das antigas\u201d, com shows de Mastruz com Leite, Lim\u00e3o com Mel e Caninana, que carregam sucessos marcantes da cultura e identidade nordestina.<\/p>\n<p>Na Esta\u00e7\u00e3o Ferrovi\u00e1ria, a tradi\u00e7\u00e3o tamb\u00e9m vai marcar presen\u00e7a durante todo o fim de semana, com o in\u00edcio das apresenta\u00e7\u00f5es dos polos dos P\u00edfanos, Camar\u00e3o, L\u00eddio Cavalcanti e Bacamarteiros, al\u00e9m da Feira de Artesanato e da Casa Rosa, que recebem forr\u00f3 desde a tarde. No domingo, a abertura do Polo Infantil inaugura um espa\u00e7o especial para quem quer aproveitar uma programa\u00e7\u00e3o pensada inteiramente pros pequenos. <\/p>\n<p>Confira a programa\u00e7\u00e3o do P\u00e1tio de Eventos deste fim de semana:<br \/>\n&#8211; S\u00e1bado (31)<br \/>\n20h &#8211; Orquestra de P\u00edfanos e Maestro Mozart Vieira<br \/>\n20h &#8211; Ballet Marcos Mercury<br \/>\n21h45 &#8211; Matheus Vinni<br \/>\n23h30 &#8211; Ivete Sangalo<br \/>\n01h30 &#8211; Solange Almeida<\/p>\n<p>&#8211; Domingo (1\u00ba)<br \/>\n19h30 &#8211; Caninana<br \/>\n21h15 &#8211; Thayse Dias<br \/>\n21h15 &#8211; Ballet Marcos Mercury<br \/>\n23h15 &#8211; Mastruz com Leite<br \/>\n01h15 &#8211; Lim\u00e3o com Mel<br \/>\nSeja seguidor do Instagram do Blog pelo @blogdoedvaldomagalhaes<br \/>\nFoto: Elvis \u00c9dson <\/p>\n","protected":false},"excerpt":{"rendered":"<p>S\u00e3o Jo\u00e3o de Caruaru chega \u00e0 \u00e1rea urbana com atra\u00e7\u00f5es locais e nacionais e expectativa de 4 milh\u00f5es de visitantes&hellip;<\/p>\n","protected":false},"author":1,"featured_media":119958,"comment_status":"closed","ping_status":"open","sticky":false,"template":"","format":"standard","meta":{"footnotes":""},"categories":[14120],"tags":[29440,27410,13146,28801,33725],"class_list":["post-119957","post","type-post","status-publish","format-standard","has-post-thumbnail","hentry","category-noticias","tag-blog-com-mais-visualizacao","tag-blog-de-caruaru","tag-blog-edvaldo-magalhaes","tag-blog-mais-acessado","tag-sao-joao-de-caruaru-chega-a-area-urbana-com-atracoes-locais-e-nacionais-e-expectativa-de-4-milhoes-de-visitantes"],"_links":{"self":[{"href":"https:\/\/blogdoedvaldomagalhaes.com.br\/index.php\/wp-json\/wp\/v2\/posts\/119957","targetHints":{"allow":["GET"]}}],"collection":[{"href":"https:\/\/blogdoedvaldomagalhaes.com.br\/index.php\/wp-json\/wp\/v2\/posts"}],"about":[{"href":"https:\/\/blogdoedvaldomagalhaes.com.br\/index.php\/wp-json\/wp\/v2\/types\/post"}],"author":[{"embeddable":true,"href":"https:\/\/blogdoedvaldomagalhaes.com.br\/index.php\/wp-json\/wp\/v2\/users\/1"}],"replies":[{"embeddable":true,"href":"https:\/\/blogdoedvaldomagalhaes.com.br\/index.php\/wp-json\/wp\/v2\/comments?post=119957"}],"version-history":[{"count":3,"href":"https:\/\/blogdoedvaldomagalhaes.com.br\/index.php\/wp-json\/wp\/v2\/posts\/119957\/revisions"}],"predecessor-version":[{"id":119968,"href":"https:\/\/blogdoedvaldomagalhaes.com.br\/index.php\/wp-json\/wp\/v2\/posts\/119957\/revisions\/119968"}],"wp:featuredmedia":[{"embeddable":true,"href":"https:\/\/blogdoedvaldomagalhaes.com.br\/index.php\/wp-json\/wp\/v2\/media\/119958"}],"wp:attachment":[{"href":"https:\/\/blogdoedvaldomagalhaes.com.br\/index.php\/wp-json\/wp\/v2\/media?parent=119957"}],"wp:term":[{"taxonomy":"category","embeddable":true,"href":"https:\/\/blogdoedvaldomagalhaes.com.br\/index.php\/wp-json\/wp\/v2\/categories?post=119957"},{"taxonomy":"post_tag","embeddable":true,"href":"https:\/\/blogdoedvaldomagalhaes.com.br\/index.php\/wp-json\/wp\/v2\/tags?post=119957"}],"curies":[{"name":"wp","href":"https:\/\/api.w.org\/{rel}","templated":true}]}}