{"id":119954,"date":"2025-05-30T10:01:49","date_gmt":"2025-05-30T13:01:49","guid":{"rendered":"https:\/\/blogdoedvaldomagalhaes.com.br\/?p=119954"},"modified":"2025-05-30T10:10:09","modified_gmt":"2025-05-30T13:10:09","slug":"estados-da-arte-abertura-acontece-na-sexta-30-na-antiga-estacao-ferroviaria-de-caruaru","status":"publish","type":"post","link":"https:\/\/blogdoedvaldomagalhaes.com.br\/index.php\/2025\/05\/30\/estados-da-arte-abertura-acontece-na-sexta-30-na-antiga-estacao-ferroviaria-de-caruaru\/","title":{"rendered":"\u2018Estados da Arte\u2019: abertura acontece na sexta (30), na antiga Esta\u00e7\u00e3o Ferrovi\u00e1ria de Caruaru"},"content":{"rendered":"<p>Exposi\u00e7\u00e3o re\u00fane trabalhos desenvolvidos por 56 artistas do interior pernambucano, que representam 30 munic\u00edpios do Estado. Visita\u00e7\u00e3o \u00e9 gratuita, conta com acessibilidade e tamb\u00e9m a\u00e7\u00f5es arte-educativas <\/p>\n<p>No pr\u00f3ximo s\u00e1bado (31), ter\u00e1 in\u00edcio a programa\u00e7\u00e3o art\u00edstica de diferentes polos de anima\u00e7\u00e3o do S\u00e3o Jo\u00e3o de Caruaru &#8211; que come\u00e7ou no dia 25 de abril, com o S\u00e3o Jo\u00e3o na Ro\u00e7a, mas que agora ter\u00e1 um incremento no n\u00famero de polos e, claro, na quantidade de apresenta\u00e7\u00f5es realizadas a cada dia. Na antiga Esta\u00e7\u00e3o Ferrovi\u00e1ria de Caruaru, por exemplo, estar\u00e1 dispon\u00edvel para visita\u00e7\u00e3o a exposi\u00e7\u00e3o \u2018Estados da Arte: Uma cartografia da diversidade\u2019.<br \/>\nAp\u00f3s meses de atividades de formata\u00e7\u00e3o, sele\u00e7\u00e3o e defini\u00e7\u00f5es, a exposi\u00e7\u00e3o ir\u00e1 reunir, durante todo o per\u00edodo junino, a produ\u00e7\u00e3o de 56 artistas do interior de Pernambuco. Nada menos que 30 munic\u00edpios ser\u00e3o representados na mostra, que estar\u00e1 dispon\u00edvel para visita\u00e7\u00e3o at\u00e9 o dia 28 de junho. Com diferentes demonstra\u00e7\u00f5es da pluralidade art\u00edstica encontrada\/produzida no interior de Pernambuco.<br \/>\nO intuito da exposi\u00e7\u00e3o \u00e9, justamente, evidenciar a diversidade de express\u00f5es, t\u00e9cnicas e caracter\u00edsticas, que servem para identificar o trabalho desenvolvido em cada uma das regi\u00f5es contempladas. E, assim, demonstrar a grandiosidade do Estado e dos que fazem dele uma importante refer\u00eancia nacional e internacional na produ\u00e7\u00e3o art\u00edstica. Valorizando o autor, sua obra e permitindo alcan\u00e7ar novos p\u00fablicos.<br \/>\n\u00c9 isso que destaca o coordenador geral da exposi\u00e7\u00e3o Estados da Arte, Humberto Bot\u00e3o. \u201cA exposi\u00e7\u00e3o \u00e9 esse lugar de recep\u00e7\u00e3o de artistas de v\u00e1rios lugares do interior do Estado, de v\u00e1rias realidades, geografias e cartografias. Com sentimentos, perfis, caracter\u00edsticas, das mais diversas poss\u00edveis. Possibilita esse encontro, esse di\u00e1logo entre essas diferen\u00e7as, e \u00e9 muito rica na perspectiva de forma\u00e7\u00e3o de p\u00fablico e forma\u00e7\u00e3o art\u00edstica e cultural da nossa cidade\u201d, aponta.<br \/>\n\u201cFico muito feliz e honrado por ter tido essa iniciativa, e pensar nessa exposi\u00e7\u00e3o como esse lugar de encontro. E que esse encontro vai se perpetuar e se diversificar cada vez mais, com os encontros dentro do S\u00e3o Jo\u00e3o de Caruaru. Porque, como a gente sabe, essa grande vitrine \u00e9 um lugar de fluxo intenso de pessoas e movimento. Sobretudo um lugar de muita alegria. E esses encontros v\u00e3o permitir, com certeza, muitos frutos\u201d, complementa Humberto Bot\u00e3o.<br \/>\nDo Sert\u00e3o, por exemplo, h\u00e1 artistas como A. Fern\u00e3. Natural de Serra Talhada, ele se aperfei\u00e7oou em pintura em tela. Procurando retratar o homem sertanejo, seus afazeres e suas moradias, assim como suas tradi\u00e7\u00f5es. E na a exposi\u00e7\u00e3o Estados da Arte, ir\u00e1 expor a obra \u2018No pingo do meio-dia\u2019, uma pintura que retrata o Sert\u00e3o no hor\u00e1rio de meio-dia, onde o sol est\u00e1 a pino, mostrando a dureza da paisagem sertaneja.<br \/>\nSuporte diferente do utilizado por Maria das Nuvens, de Bezerros. Ela, que \u00e9 uma das representantes do Agreste, guia o seu trabalho orientado pelos fios, para criar atrav\u00e9s do fazer manual e amoroso. E apresentar\u00e1 na exposi\u00e7\u00e3o o \u2018Primeiro ato: desnovelo\u2019, um bordado sobre m\u00e1scara e croch\u00ea sobre tecido cru que a autora descreve como: \u201cparte de uma s\u00e9rie de obras chamadas \u2018Estudando o choro\u2019, onde eu busco estudar intimamente sobre o choro e o ato de chorar\u201d.<br \/>\nE, entre os representantes da Zona da Mata, est\u00e1 Ricardo Pessoa, de Pombos, um xilogravurista experiente, que traz em suas imagens viv\u00eancias como nordestino, traduzidas em cultura, religiosidade e comportamento. O artista popular atua em bairros, comunidades e periferias, como forma de devolver \u00e0s pessoas sua sensibilidade e observa\u00e7\u00e3o. E, na Estados da Arte, estar\u00e1 expondo \u2018Banda de P\u00edfano e a Jurema\u2019, que cria o sentimento de pertencimento &#8211; pr\u00f3prio do artista.<br \/>\nMUITO AL\u00c9M DE OBRAS &#8211; Os visitantes que passarem pelo galp\u00e3o da antiga Esta\u00e7\u00e3o Ferrovi\u00e1ria de Caruaru, no decorrer das pr\u00f3ximas quatro semanas, ser\u00e3o convidados para n\u00e3o somente contemplar as obras expostas. Mas tamb\u00e9m participar de outras a\u00e7\u00f5es que estar\u00e3o sendo desenvolvidas, e que ser\u00e3o igualmente importantes para garantir uma experi\u00eancia ainda mais completa em rela\u00e7\u00e3o \u00e0 imers\u00e3o no tema.<br \/>\nNo decorrer do per\u00edodo, tamb\u00e9m ocorrer\u00e3o nove atividades arte-educativas, s\u00e3o elas: \u2018Visita mediada com os curadores da exposi\u00e7\u00e3o\u00b4 (Carlos Lima, Rebecca Fran\u00e7a e Fyky\u00e1 Pankararu), \u00b4Forma\u00e7\u00e3o em media\u00e7\u00e3o e acessibilidade\u2019 (Ferva Acessibilidade), \u2018Apresenta\u00e7\u00e3o da pesquisa media\u00e7\u00f5es tecnol\u00f3gicas &#8211; performance e recep\u00e7\u00e3o da obra de arte\u2019 (Carlos Lima), \u2018A arte do cordel e da declama\u00e7\u00e3o\u2019 (Jefferson Declamador); \u2018Corpo, fitas e movimento\u2019 (Anita Vitorino); \u2018Luminoscopio &#8211; Laborat\u00f3rio de Cria\u00e7\u00e3o Visual: express\u00e3o visual, po\u00e9tica e sensorial usando tecnologia\u2019 (Felipe Correia); \u2018Na cor do azul\u00e3o: uma oficina de revela\u00e7\u00e3o fotogr\u00e1fica em cianotipia\u2019 (Tipia Coletivo Fotogr\u00e1fico); \u2018Onde cabe em n\u00f3s, mulheres?\u2019 (Ana Carolina, Maria das Nuvens e Maria Lima); e \u2018Orix\u00e1s: uma jornada em formas, cores e valores &#8211; oficina de pintura do Il\u00ea Ax\u00e9 Kiamb\u00e1 Oju Oy\u00e1\u2019 (Il\u00ea Ax\u00e9 Kiamb\u00e1 Oju Oy\u00e1).<br \/>\n\u2018Estados da Arte: Uma cartografia da diversidade\u2019 \u00e9 realizada pela Circullus, coordenada por Humberto Bot\u00e3o e produzida por Amanda Nascimento. Tem incentivo do Fundo Pernambucano de Incentivo \u00e0 Cultura (Funcultura), da Funda\u00e7\u00e3o do Patrim\u00f4nio Hist\u00f3rico e Art\u00edstico de Pernambuco (Fundarpe) e da Secretaria de Cultura de Pernambuco (Secult-PE). E apoio da Prefeitura de Caruaru, atrav\u00e9s da Funda\u00e7\u00e3o de Cultura de Caruaru, e da Nahsom Filmes.<br \/>\nSeja seguidor do Instagram do Blog pelo @blogdoedvaldomagalhaes<br \/>\nFoto: Ag\u00eancia Job<\/p>\n","protected":false},"excerpt":{"rendered":"<p>Exposi\u00e7\u00e3o re\u00fane trabalhos desenvolvidos por 56 artistas do interior pernambucano, que representam 30 munic\u00edpios do Estado. Visita\u00e7\u00e3o \u00e9 gratuita, conta&hellip;<\/p>\n","protected":false},"author":1,"featured_media":119955,"comment_status":"closed","ping_status":"open","sticky":false,"template":"","format":"standard","meta":{"footnotes":""},"categories":[14120],"tags":[33724,28803,27410,2,28801],"class_list":["post-119954","post","type-post","status-publish","format-standard","has-post-thumbnail","hentry","category-noticias","tag-estados-da-arte-abertura-acontece-na-sexta-30","tag-blog-com-mais-visualizacoes","tag-blog-de-caruaru","tag-blog-do-edvaldo-magalhaes","tag-blog-mais-acessado"],"_links":{"self":[{"href":"https:\/\/blogdoedvaldomagalhaes.com.br\/index.php\/wp-json\/wp\/v2\/posts\/119954","targetHints":{"allow":["GET"]}}],"collection":[{"href":"https:\/\/blogdoedvaldomagalhaes.com.br\/index.php\/wp-json\/wp\/v2\/posts"}],"about":[{"href":"https:\/\/blogdoedvaldomagalhaes.com.br\/index.php\/wp-json\/wp\/v2\/types\/post"}],"author":[{"embeddable":true,"href":"https:\/\/blogdoedvaldomagalhaes.com.br\/index.php\/wp-json\/wp\/v2\/users\/1"}],"replies":[{"embeddable":true,"href":"https:\/\/blogdoedvaldomagalhaes.com.br\/index.php\/wp-json\/wp\/v2\/comments?post=119954"}],"version-history":[{"count":2,"href":"https:\/\/blogdoedvaldomagalhaes.com.br\/index.php\/wp-json\/wp\/v2\/posts\/119954\/revisions"}],"predecessor-version":[{"id":119960,"href":"https:\/\/blogdoedvaldomagalhaes.com.br\/index.php\/wp-json\/wp\/v2\/posts\/119954\/revisions\/119960"}],"wp:featuredmedia":[{"embeddable":true,"href":"https:\/\/blogdoedvaldomagalhaes.com.br\/index.php\/wp-json\/wp\/v2\/media\/119955"}],"wp:attachment":[{"href":"https:\/\/blogdoedvaldomagalhaes.com.br\/index.php\/wp-json\/wp\/v2\/media?parent=119954"}],"wp:term":[{"taxonomy":"category","embeddable":true,"href":"https:\/\/blogdoedvaldomagalhaes.com.br\/index.php\/wp-json\/wp\/v2\/categories?post=119954"},{"taxonomy":"post_tag","embeddable":true,"href":"https:\/\/blogdoedvaldomagalhaes.com.br\/index.php\/wp-json\/wp\/v2\/tags?post=119954"}],"curies":[{"name":"wp","href":"https:\/\/api.w.org\/{rel}","templated":true}]}}