{"id":119948,"date":"2025-05-29T23:13:05","date_gmt":"2025-05-30T02:13:05","guid":{"rendered":"https:\/\/blogdoedvaldomagalhaes.com.br\/?p=119948"},"modified":"2025-05-29T23:16:13","modified_gmt":"2025-05-30T02:16:13","slug":"em-caruaru-governadora-raquel-lyra-vai-inaugurar-a-cozinha-comunitaria-novo-mundo-e-o-parque-ambiental-janelas-para-o-rio","status":"publish","type":"post","link":"https:\/\/blogdoedvaldomagalhaes.com.br\/index.php\/2025\/05\/29\/em-caruaru-governadora-raquel-lyra-vai-inaugurar-a-cozinha-comunitaria-novo-mundo-e-o-parque-ambiental-janelas-para-o-rio\/","title":{"rendered":"Em Caruaru, governadora Raquel Lyra vai inaugurar a Cozinha Comunit\u00e1ria Novo Mundo e o Parque Ambiental Janelas para o Rio"},"content":{"rendered":"<p>Nesta sexta-feira (30), a governadora Raquel Lyra cumpre agenda no munic\u00edpio de Caruaru com a entrega de dois importantes equipamentos que fortalecem as pol\u00edticas p\u00fablicas nas \u00e1reas de seguran\u00e7a alimentar e meio ambiente. Pela manh\u00e3, \u00e0s 11h, ser\u00e1 inaugurada a Cozinha Comunit\u00e1ria Novo Mundo, a 147\u00aa unidade entregue desde o in\u00edcio da gest\u00e3o e a 22\u00aa em 2025. Com investimento de R$ 50 mil para estrutura\u00e7\u00e3o e repasse mensal de R$ 20 mil, a nova cozinha amplia a presen\u00e7a do Programa Bom Prato no Agreste, refor\u00e7ando o combate \u00e0 fome e oferecendo refei\u00e7\u00f5es di\u00e1rias e balanceadas \u00e0 popula\u00e7\u00e3o em situa\u00e7\u00e3o de vulnerabilidade.<\/p>\n<p>\u00c0 tarde, \u00e0s 16h, ser\u00e1 inaugurado o Parque Ambiental Janelas para o Rio, \u00faltimo dos seis parques constru\u00eddos \u00e0s margens do rio Ipojuca. Com 6,66 hectares, o espa\u00e7o conta com \u00e1reas de lazer, educa\u00e7\u00e3o ambiental e uma fonte luminosa in\u00e9dita, com jatos de \u00e1gua sincronizados com luzes e som. A obra foi retomada pelo Governo Raquel Lyra, com investimento estadual de R$ 10,1 milh\u00f5es. O parque deve beneficiar diretamente a mobilidade e a qualidade de vida da popula\u00e7\u00e3o local, promovendo preserva\u00e7\u00e3o ambiental e integra\u00e7\u00e3o social.<\/p>\n<p>AGENDA DA GOVERNADORA RAQUEL LYRA | Sexta-feira, 30 de maio de 2025<\/p>\n<p>11h \u2013 Inaugura\u00e7\u00e3o da Cozinha Comunit\u00e1ria Novo Mundo<br \/>\nLocal: Rua da Bondade, 36, Loteamento Novo Mundo, Caruaru<\/p>\n<p>16h \u2013 Inaugura\u00e7\u00e3o do Parque Ambiental Janelas para o Rio<br \/>\nLocal: Rua Maria Merandoilina, 1062, Bairro Riach\u00e3o, Caruaru<br \/>\nSiga o Instagram do Blog pelo @blogdoedvaldomagalhaes<br \/>\nFoto: Jana\u00edna Pepeu\/Secom<\/p>\n","protected":false},"excerpt":{"rendered":"<p>Nesta sexta-feira (30), a governadora Raquel Lyra cumpre agenda no munic\u00edpio de Caruaru com a entrega de dois importantes equipamentos&hellip;<\/p>\n","protected":false},"author":1,"featured_media":119951,"comment_status":"closed","ping_status":"open","sticky":false,"template":"","format":"standard","meta":{"footnotes":""},"categories":[14120],"tags":[30253,28803,13146,28801,3406,28127,20],"class_list":["post-119948","post","type-post","status-publish","format-standard","has-post-thumbnail","hentry","category-noticias","tag-blog-caruaru","tag-blog-com-mais-visualizacoes","tag-blog-edvaldo-magalhaes","tag-blog-mais-acessado","tag-caruaru","tag-governadora-raquel-lyra","tag-politica"],"_links":{"self":[{"href":"https:\/\/blogdoedvaldomagalhaes.com.br\/index.php\/wp-json\/wp\/v2\/posts\/119948","targetHints":{"allow":["GET"]}}],"collection":[{"href":"https:\/\/blogdoedvaldomagalhaes.com.br\/index.php\/wp-json\/wp\/v2\/posts"}],"about":[{"href":"https:\/\/blogdoedvaldomagalhaes.com.br\/index.php\/wp-json\/wp\/v2\/types\/post"}],"author":[{"embeddable":true,"href":"https:\/\/blogdoedvaldomagalhaes.com.br\/index.php\/wp-json\/wp\/v2\/users\/1"}],"replies":[{"embeddable":true,"href":"https:\/\/blogdoedvaldomagalhaes.com.br\/index.php\/wp-json\/wp\/v2\/comments?post=119948"}],"version-history":[{"count":2,"href":"https:\/\/blogdoedvaldomagalhaes.com.br\/index.php\/wp-json\/wp\/v2\/posts\/119948\/revisions"}],"predecessor-version":[{"id":119952,"href":"https:\/\/blogdoedvaldomagalhaes.com.br\/index.php\/wp-json\/wp\/v2\/posts\/119948\/revisions\/119952"}],"wp:featuredmedia":[{"embeddable":true,"href":"https:\/\/blogdoedvaldomagalhaes.com.br\/index.php\/wp-json\/wp\/v2\/media\/119951"}],"wp:attachment":[{"href":"https:\/\/blogdoedvaldomagalhaes.com.br\/index.php\/wp-json\/wp\/v2\/media?parent=119948"}],"wp:term":[{"taxonomy":"category","embeddable":true,"href":"https:\/\/blogdoedvaldomagalhaes.com.br\/index.php\/wp-json\/wp\/v2\/categories?post=119948"},{"taxonomy":"post_tag","embeddable":true,"href":"https:\/\/blogdoedvaldomagalhaes.com.br\/index.php\/wp-json\/wp\/v2\/tags?post=119948"}],"curies":[{"name":"wp","href":"https:\/\/api.w.org\/{rel}","templated":true}]}}