{"id":119945,"date":"2025-05-29T22:48:19","date_gmt":"2025-05-30T01:48:19","guid":{"rendered":"https:\/\/blogdoedvaldomagalhaes.com.br\/?p=119945"},"modified":"2025-05-29T22:48:19","modified_gmt":"2025-05-30T01:48:19","slug":"governadora-raquel-lyra-entrega-carretas-da-mulher-pernambucana-que-vao-percorrer-todo-o-estado-cuidando-da-saude-das-mulheres","status":"publish","type":"post","link":"https:\/\/blogdoedvaldomagalhaes.com.br\/index.php\/2025\/05\/29\/governadora-raquel-lyra-entrega-carretas-da-mulher-pernambucana-que-vao-percorrer-todo-o-estado-cuidando-da-saude-das-mulheres\/","title":{"rendered":"Governadora Raquel Lyra entrega Carretas da Mulher Pernambucana que v\u00e3o percorrer todo o estado cuidando da sa\u00fade das mulheres"},"content":{"rendered":"<p><span style=\"font-size: revert;\">_Iniciativa integra o Cuida PE e facilitar\u00e1 o acesso das pernambucanas aos procedimentos de preven\u00e7\u00e3o e diagn\u00f3stico do c\u00e2ncer de mama e colo de \u00fatero atrav\u00e9s de unidades m\u00f3veis de sa\u00fade_<\/span><\/p>\n<p>Pernambuco passa a contar, a partir desta quinta-feira (29), com as Carretas da Mulher Pernambucana, iniciativa realizada pelo Governo do Estado para refor\u00e7ar o compromisso com o cuidado e a dignidade das mulheres. As quatro unidades m\u00f3veis de sa\u00fade foram entregues pela governadora Raquel Lyra e pela vice-governadora Priscila Krause, em solenidade no Pal\u00e1cio do Campo das Princesas. As carretas, que integram o programa Cuida PE, v\u00e3o percorrer todo o estado com capacidade para realizar 175 mil atendimentos anuais na preven\u00e7\u00e3o e diagn\u00f3stico precoce de casos de c\u00e2ncer de mama e colo do \u00fatero. A a\u00e7\u00e3o, que j\u00e1 come\u00e7a com atendimentos no Recife neste s\u00e1bado (31), conta com investimento de R$ 75 milh\u00f5es do Estado, al\u00e9m da contrata\u00e7\u00e3o de 100 novos profissionais.<\/p>\n<p>&#8220;Entregamos quatro equipamentos muito importantes para Pernambuco, as Carretas da Mulher Pernambucana. \u00c9 mais uma etapa do programa Cuida PE, que est\u00e1 chegando em cada canto do nosso Estado, com a amplia\u00e7\u00e3o de servi\u00e7os, novos credenciamentos, redu\u00e7\u00e3o de filas de exames e cirurgias. Agora, esta a\u00e7\u00e3o chega para enfrentar um tema que precisa de aten\u00e7\u00e3o, com conscientiza\u00e7\u00e3o e preven\u00e7\u00e3o. Come\u00e7aremos esse s\u00e1bado aqui no Recife cuidando de m\u00e3es at\u00edpicas. \u00c9 com essa confian\u00e7a que temos trabalhado na mudan\u00e7a da sa\u00fade p\u00fablica de Pernambuco, e estou muito feliz de poder fazer essa entrega\u201d, celebrou a governadora Raquel Lyra.<\/p>\n<p>As carretas contam com profissionais especializados como oncologistas e mastologistas, entre outros, e equipamentos com tecnologia de ponta. Com a a\u00e7\u00e3o, ser\u00e1 ampliado e facilitado o acesso para as pernambucanas aos servi\u00e7os especializados de sa\u00fade da mulher, tais como mamografia bilateral, mamografia, tele consulta m\u00e9dica, ultrassonografia mam\u00e1ria bilateral e pun\u00e7\u00e3o aspirativa, al\u00e9m de outras consultas e exames.<\/p>\n<p>A vice-governadora Priscila Krause pontuou que uma das marcas dessa gest\u00e3o \u00e9 o cuidado com as pessoas. \u201c\u00c9 uma aten\u00e7\u00e3o principalmente com aqueles que durante muito tempo n\u00e3o foram enxergados pelo poder p\u00fablico. Hoje essas pessoas s\u00e3o vistas, e mais do que vistas, elas s\u00e3o ouvidas e cuidadas. Isso \u00e9 vida para as pessoas, \u00e9 esperan\u00e7a, \u00e9 acolhimento, \u00e9 cuidado. \u00c9 realmente uma pol\u00edtica transformadora\u201d, comentou.<\/p>\n<p>As unidades m\u00f3veis atuar\u00e3o de forma descentralizada nas quatro Macrorregionais de Sa\u00fade do Estado, com sedes no Recife, Caruaru, Arcoverde e Petrolina, e funcionar\u00e3o como cl\u00ednicas sobre rodas. Cada unidade ir\u00e1 funcionar oito horas por dia, de segunda a sexta-feira, realizando uma m\u00e9dia de 130 atendimentos di\u00e1rios, sendo metade por demanda espont\u00e2nea e metade por agendamento.<\/p>\n<p>Segundo a secret\u00e1ria estadual de Sa\u00fade, Zilda Cavalcanti, as carretas v\u00e3o ser divididas para atender ao territ\u00f3rio pernambucano de forma estrat\u00e9gica e proporcional \u00e0 popula\u00e7\u00e3o. \u201cElas t\u00eam uma capacidade de atendimento de cerca de 14.600 mulheres por m\u00eas e v\u00e3o priorizar os locais de mais dif\u00edcil acesso ao sistema de sa\u00fade\u201d, avaliou. Para a secret\u00e1ria da Mulher de Pernambuco, Juliana Gouveia, \u201ca iniciativa refor\u00e7a o compromisso de trabalhar para a efetiva\u00e7\u00e3o de pol\u00edticas p\u00fablicas que garantam os direitos das mulheres\u201d.<\/p>\n<p>A confeiteira recifense Valdemira Trajano foi uma das pessoas que j\u00e1 conheceu de perto os equipamentos, profissionais e servi\u00e7os oferecidos nas carretas. \u201cAs mulheres sabem que \u00e9 um desafio para gente, mas a carreta veio para mudar isso para n\u00f3s e facilitar nossos exames. Ent\u00e3o se cuidem que a carreta vai passar em todas as comunidades. N\u00e3o perca tempo, porque amanh\u00e3 pode ser tarde demais\u201d, destacou.<\/p>\n<p>O agendamento pr\u00e9vio dos exames e consultas ser\u00e1 por meio da Central de Marca\u00e7\u00e3o de Consulta Especializada (CMCE). J\u00e1 o encaminhamento \u00e9 feito pela Unidade B\u00e1sica de Sa\u00fade do munic\u00edpio. Em breve, o cronograma mensal do itiner\u00e1rio das carretas nas 12 regionais de sa\u00fade ser\u00e1 divulgado para a popula\u00e7\u00e3o. O diagn\u00f3stico precoce destes dois tipos de c\u00e2ncer (mama e colo de \u00fatero), os que mais causam \u00f3bito no Brasil e no mundo, \u00e9 de extrema import\u00e2ncia para que possa ser realizado o melhor tratamento poss\u00edvel, al\u00e9m de possibilitar mais qualidade de vida.<\/p>\n<p>\u201cEu, como profissional de sa\u00fade, como m\u00e9dica, sei que esses exames ir\u00e3o impactar profundamente e diretamente na vida das pernambucanas. Ent\u00e3o, isso \u00e9 cuidar da vida, isso \u00e9 ter prioridade pelas mulheres pernambucanas\u201d, pontuou a deputada estadual e l\u00edder do governo na Assembleia Legislativa de Pernambuco (Alepe), Socorro Pimentel. A prefeita de Olinda, Mirella Almeida, ressaltou a alegria de acompanhar a entrega da gest\u00e3o estadual. \u201cO munic\u00edpio de Olinda vai ter a oportunidade de zerar filas diante de uma entrega que o Governo do Estado, que a nossa governadora e a nossa vice-governadora fizeram hoje\u201d.<\/p>\n<p>Estiveram presentes na cerim\u00f4nia o superintendente do Minist\u00e9rio da Sa\u00fade em Pernambuco, Rosano Carvalho, os deputados estaduais Iza\u00edas R\u00e9gis, Ant\u00f4nio Moraes, Jo\u00e3o Paulo, Luciano Duque, Jo\u00e3o de Nadegi, Nino de Enoque, Henrique Queiroz Filho e Wanderson Flor\u00eancio. Tamb\u00e9m acompanharam os prefeitos Mano Medeiros (Jaboat\u00e3o), Orlando Jorge (Limoeiro), Rivanda (Jupi), St\u00eanio (Lagoa dos Gatos), Gilberto Ribeiro (Flores), Beto do Sargento (Bel\u00e9m de Maria), Z\u00e9 Luiz (Lagoa do Carro), Henrique Queiroz (Buenos Aires), Biu Abreu (Orob\u00f3), J\u00fanior de Beto (Palmares), Ara\u00fajo (Amaraji), Paquinha (Macaparana), Jaime Lima (Gl\u00f3ria do Goit\u00e1), Dona Gra\u00e7a (Catende), Diego Cabral (Camaragibe), Pedro Pilota (Ita\u00edba), Ridete Pellegrino (Jaqueira), F\u00e1tima Borba (Cort\u00eas), Silvestre (Passira) e Janj\u00e3o (Bom Jardim).<\/p>\n<p>Participaram tamb\u00e9m os secret\u00e1rios estaduais Ana Mara\u00edza (Administra\u00e7\u00e3o), Carlos Braga (Assist\u00eancia Social, Combate \u00e0 Fome e Pol\u00edticas sobre Drogas), Jo\u00e3o Salles (Assessoria Especial \u00e0 Governadora e Rela\u00e7\u00f5es Internacionais), T\u00falio Vila\u00e7a (Casa Civil), Joanna Figueiredo (Justi\u00e7a, Direitos Humanos e Preven\u00e7\u00e3o \u00e0 Viol\u00eancia), Ivete Lacerda (Esportes), Alessandro Carvalho (Defesa Social), Paulo Paes (Administra\u00e7\u00e3o Penitenci\u00e1ria e Ressocializa\u00e7\u00e3o), Rodolfo Costa Pinto (Comunica\u00e7\u00e3o), al\u00e9m de Michele Collins, diretora-presidente da Arena de Pernambuco, entre outras autoridades pol\u00edticas e de \u00f3rg\u00e3os de sa\u00fade estaduais.<br \/>\n<span style=\"font-size: revert;\">Seja seguidor do Instagram do Blog pelo @blogdoedvaldomagalhaes<br \/>\nFoto: Miva Filho\/Secom<\/span><\/p>\n","protected":false},"excerpt":{"rendered":"<p>_Iniciativa integra o Cuida PE e facilitar\u00e1 o acesso das pernambucanas aos procedimentos de preven\u00e7\u00e3o e diagn\u00f3stico do c\u00e2ncer de&hellip;<\/p>\n","protected":false},"author":1,"featured_media":119946,"comment_status":"closed","ping_status":"open","sticky":false,"template":"","format":"standard","meta":{"footnotes":""},"categories":[14122],"tags":[30592,27410,2,28127,20],"class_list":["post-119945","post","type-post","status-publish","format-standard","has-post-thumbnail","hentry","category-politica","tag-blog-com-mais-seguidores","tag-blog-de-caruaru","tag-blog-do-edvaldo-magalhaes","tag-governadora-raquel-lyra","tag-politica"],"_links":{"self":[{"href":"https:\/\/blogdoedvaldomagalhaes.com.br\/index.php\/wp-json\/wp\/v2\/posts\/119945","targetHints":{"allow":["GET"]}}],"collection":[{"href":"https:\/\/blogdoedvaldomagalhaes.com.br\/index.php\/wp-json\/wp\/v2\/posts"}],"about":[{"href":"https:\/\/blogdoedvaldomagalhaes.com.br\/index.php\/wp-json\/wp\/v2\/types\/post"}],"author":[{"embeddable":true,"href":"https:\/\/blogdoedvaldomagalhaes.com.br\/index.php\/wp-json\/wp\/v2\/users\/1"}],"replies":[{"embeddable":true,"href":"https:\/\/blogdoedvaldomagalhaes.com.br\/index.php\/wp-json\/wp\/v2\/comments?post=119945"}],"version-history":[{"count":1,"href":"https:\/\/blogdoedvaldomagalhaes.com.br\/index.php\/wp-json\/wp\/v2\/posts\/119945\/revisions"}],"predecessor-version":[{"id":119947,"href":"https:\/\/blogdoedvaldomagalhaes.com.br\/index.php\/wp-json\/wp\/v2\/posts\/119945\/revisions\/119947"}],"wp:featuredmedia":[{"embeddable":true,"href":"https:\/\/blogdoedvaldomagalhaes.com.br\/index.php\/wp-json\/wp\/v2\/media\/119946"}],"wp:attachment":[{"href":"https:\/\/blogdoedvaldomagalhaes.com.br\/index.php\/wp-json\/wp\/v2\/media?parent=119945"}],"wp:term":[{"taxonomy":"category","embeddable":true,"href":"https:\/\/blogdoedvaldomagalhaes.com.br\/index.php\/wp-json\/wp\/v2\/categories?post=119945"},{"taxonomy":"post_tag","embeddable":true,"href":"https:\/\/blogdoedvaldomagalhaes.com.br\/index.php\/wp-json\/wp\/v2\/tags?post=119945"}],"curies":[{"name":"wp","href":"https:\/\/api.w.org\/{rel}","templated":true}]}}