{"id":119942,"date":"2025-05-29T19:30:40","date_gmt":"2025-05-29T22:30:40","guid":{"rendered":"https:\/\/blogdoedvaldomagalhaes.com.br\/?p=119942"},"modified":"2025-05-29T21:02:38","modified_gmt":"2025-05-30T00:02:38","slug":"solicitada-por-anderson-correia-secretaria-de-bem-estar-animal-torna-se-realidade-em-caruaru","status":"publish","type":"post","link":"https:\/\/blogdoedvaldomagalhaes.com.br\/index.php\/2025\/05\/29\/solicitada-por-anderson-correia-secretaria-de-bem-estar-animal-torna-se-realidade-em-caruaru\/","title":{"rendered":"Solicitada por Anderson Correia, Secretaria de Bem-Estar Animal torna-se realidade em Caruaru"},"content":{"rendered":"<p>A cria\u00e7\u00e3o da Secretaria de Bem-Estar Animal de Caruaru, que ter\u00e1 sua sede inaugurada nesta sexta-feira (30), na Sementeira Chico Mendes, consolida um importante avan\u00e7o na pauta dos direitos dos animais e torna-se realidade no munic\u00edpio. A iniciativa foi uma das primeiras proposi\u00e7\u00f5es do vereador Anderson Correia (PP), por meio do Requerimento n\u00ba 1603\/2021, apresentado logo no in\u00edcio de seu mandato. Desde ent\u00e3o, a proposta ganhou for\u00e7a e se tornou realidade, marcando um momento hist\u00f3rico para a cidade.<\/p>\n<p>Desde 2021, Anderson Correia defende a necessidade de uma estrutura espec\u00edfica para tratar das demandas da causa animal, que v\u00eam se intensificando em Caruaru. Para o parlamentar, n\u00e3o se trata apenas de criar mais uma secretaria, mas de garantir uma pasta com or\u00e7amento pr\u00f3prio, equipe t\u00e9cnica especializada, metas definidas e capacidade de atua\u00e7\u00e3o cont\u00ednua, visando impactos reais na prote\u00e7\u00e3o e bem-estar dos animais.<\/p>\n<p>\u201cA cria\u00e7\u00e3o da secretaria sempre esteve no topo das nossas solicita\u00e7\u00f5es, por entendermos que ela \u00e9 essencial para viabilizar todas as outras pol\u00edticas p\u00fablicas voltadas \u00e0 causa animal. Foram anos de luta para que essa conquista fosse poss\u00edvel. Hoje, Caruaru se torna refer\u00eancia para diversos munic\u00edpios do Nordeste nessa pauta t\u00e3o importante. Estou muito feliz por este avan\u00e7o, pela inaugura\u00e7\u00e3o da nova sede, que se torna uma vit\u00f3ria dos animais e de todos os caruaruenses\u201d, declarou Anderson.<br \/>\nSeja seguidor do Instagram do Blog pelo @blogdoedvaldomagalhaes<br \/>\nFoto: Divulga\u00e7\u00e3o <\/p>\n","protected":false},"excerpt":{"rendered":"<p>A cria\u00e7\u00e3o da Secretaria de Bem-Estar Animal de Caruaru, que ter\u00e1 sua sede inaugurada nesta sexta-feira (30), na Sementeira Chico&hellip;<\/p>\n","protected":false},"author":1,"featured_media":119943,"comment_status":"closed","ping_status":"open","sticky":false,"template":"","format":"standard","meta":{"footnotes":""},"categories":[14122],"tags":[28803,27410,2,28801],"class_list":["post-119942","post","type-post","status-publish","format-standard","has-post-thumbnail","hentry","category-politica","tag-blog-com-mais-visualizacoes","tag-blog-de-caruaru","tag-blog-do-edvaldo-magalhaes","tag-blog-mais-acessado"],"_links":{"self":[{"href":"https:\/\/blogdoedvaldomagalhaes.com.br\/index.php\/wp-json\/wp\/v2\/posts\/119942","targetHints":{"allow":["GET"]}}],"collection":[{"href":"https:\/\/blogdoedvaldomagalhaes.com.br\/index.php\/wp-json\/wp\/v2\/posts"}],"about":[{"href":"https:\/\/blogdoedvaldomagalhaes.com.br\/index.php\/wp-json\/wp\/v2\/types\/post"}],"author":[{"embeddable":true,"href":"https:\/\/blogdoedvaldomagalhaes.com.br\/index.php\/wp-json\/wp\/v2\/users\/1"}],"replies":[{"embeddable":true,"href":"https:\/\/blogdoedvaldomagalhaes.com.br\/index.php\/wp-json\/wp\/v2\/comments?post=119942"}],"version-history":[{"count":1,"href":"https:\/\/blogdoedvaldomagalhaes.com.br\/index.php\/wp-json\/wp\/v2\/posts\/119942\/revisions"}],"predecessor-version":[{"id":119944,"href":"https:\/\/blogdoedvaldomagalhaes.com.br\/index.php\/wp-json\/wp\/v2\/posts\/119942\/revisions\/119944"}],"wp:featuredmedia":[{"embeddable":true,"href":"https:\/\/blogdoedvaldomagalhaes.com.br\/index.php\/wp-json\/wp\/v2\/media\/119943"}],"wp:attachment":[{"href":"https:\/\/blogdoedvaldomagalhaes.com.br\/index.php\/wp-json\/wp\/v2\/media?parent=119942"}],"wp:term":[{"taxonomy":"category","embeddable":true,"href":"https:\/\/blogdoedvaldomagalhaes.com.br\/index.php\/wp-json\/wp\/v2\/categories?post=119942"},{"taxonomy":"post_tag","embeddable":true,"href":"https:\/\/blogdoedvaldomagalhaes.com.br\/index.php\/wp-json\/wp\/v2\/tags?post=119942"}],"curies":[{"name":"wp","href":"https:\/\/api.w.org\/{rel}","templated":true}]}}