{"id":119939,"date":"2025-05-29T15:29:52","date_gmt":"2025-05-29T18:29:52","guid":{"rendered":"https:\/\/blogdoedvaldomagalhaes.com.br\/?p=119939"},"modified":"2025-05-29T15:29:52","modified_gmt":"2025-05-29T18:29:52","slug":"prefeitura-de-caruaru-colocara-conteineres-de-residuos-em-pontos-turisticos-da-cidade","status":"publish","type":"post","link":"https:\/\/blogdoedvaldomagalhaes.com.br\/index.php\/2025\/05\/29\/prefeitura-de-caruaru-colocara-conteineres-de-residuos-em-pontos-turisticos-da-cidade\/","title":{"rendered":"Prefeitura de Caruaru colocar\u00e1 cont\u00eaineres de res\u00edduos em pontos tur\u00edsticos da cidade"},"content":{"rendered":"<p>A Prefeitura de Caruaru, por meio da Secretaria de servi\u00e7os P\u00fablicos, vai implantar novos cont\u00eaineres em pontos tur\u00edsticos da cidade. A decis\u00e3o foi publicada no Decreto n\u00b0 036, de 19 de Mar\u00e7o de 2025. <\/p>\n<p>Pontos como a Via Parque, Alto do Moura, Monte Bom Jesus, Parque 18 de Maio, Marco Zero, Esta\u00e7\u00e3o Ferrovi\u00e1ria, P\u00e1tio de Eventos, polos oficiais do S\u00e3o Jo\u00e3o e Parques Ecol\u00f3gicos do Munic\u00edpio ter\u00e3o os cont\u00eaineres implantados. <\/p>\n<p>\u201cEstamos sempre trabalhando em busca de melhorias na limpeza e zeladoria da cidade. Essa \u00e9 uma gest\u00e3o que se preocupa com o povo e o reflexo \u00e9 o trabalho bem executado\u201d, destacou o secret\u00e1rio de Servi\u00e7os P\u00fablicos, Vital Flor\u00eancio.<\/p>\n<p>Uma pesquisa divulgada recentemente pelo Instituto Mercatus mostrou que 89,02% da popula\u00e7\u00e3o aprovou o servi\u00e7o no que diz respeito \u00e0 limpeza da cidade e 88,8% de aprova\u00e7\u00e3o com os servi\u00e7os da ilumina\u00e7\u00e3o, que fazem parte da Secretaria de Servi\u00e7os P\u00fablicos. S\u00e3o resultados importantes e que destacam o quanto o trabalho tem avan\u00e7ado no munic\u00edpio.<br \/>\nSiga o Instagram do Blog pelo @blogdoedvaldomagalhaes<br \/>\nFoto: Divulga\u00e7\u00e3o\/Secom\/PMC<\/p>\n","protected":false},"excerpt":{"rendered":"<p>A Prefeitura de Caruaru, por meio da Secretaria de servi\u00e7os P\u00fablicos, vai implantar novos cont\u00eaineres em pontos tur\u00edsticos da cidade.&hellip;<\/p>\n","protected":false},"author":1,"featured_media":119940,"comment_status":"closed","ping_status":"open","sticky":false,"template":"","format":"standard","meta":{"footnotes":""},"categories":[14120],"tags":[29440,27410,13146,28801,33722],"class_list":["post-119939","post","type-post","status-publish","format-standard","has-post-thumbnail","hentry","category-noticias","tag-blog-com-mais-visualizacao","tag-blog-de-caruaru","tag-blog-edvaldo-magalhaes","tag-blog-mais-acessado","tag-prefeitura-de-caruaru-colocara-conteineres-de-residuos-em-pontos-turisticos-da-cidade"],"_links":{"self":[{"href":"https:\/\/blogdoedvaldomagalhaes.com.br\/index.php\/wp-json\/wp\/v2\/posts\/119939","targetHints":{"allow":["GET"]}}],"collection":[{"href":"https:\/\/blogdoedvaldomagalhaes.com.br\/index.php\/wp-json\/wp\/v2\/posts"}],"about":[{"href":"https:\/\/blogdoedvaldomagalhaes.com.br\/index.php\/wp-json\/wp\/v2\/types\/post"}],"author":[{"embeddable":true,"href":"https:\/\/blogdoedvaldomagalhaes.com.br\/index.php\/wp-json\/wp\/v2\/users\/1"}],"replies":[{"embeddable":true,"href":"https:\/\/blogdoedvaldomagalhaes.com.br\/index.php\/wp-json\/wp\/v2\/comments?post=119939"}],"version-history":[{"count":1,"href":"https:\/\/blogdoedvaldomagalhaes.com.br\/index.php\/wp-json\/wp\/v2\/posts\/119939\/revisions"}],"predecessor-version":[{"id":119941,"href":"https:\/\/blogdoedvaldomagalhaes.com.br\/index.php\/wp-json\/wp\/v2\/posts\/119939\/revisions\/119941"}],"wp:featuredmedia":[{"embeddable":true,"href":"https:\/\/blogdoedvaldomagalhaes.com.br\/index.php\/wp-json\/wp\/v2\/media\/119940"}],"wp:attachment":[{"href":"https:\/\/blogdoedvaldomagalhaes.com.br\/index.php\/wp-json\/wp\/v2\/media?parent=119939"}],"wp:term":[{"taxonomy":"category","embeddable":true,"href":"https:\/\/blogdoedvaldomagalhaes.com.br\/index.php\/wp-json\/wp\/v2\/categories?post=119939"},{"taxonomy":"post_tag","embeddable":true,"href":"https:\/\/blogdoedvaldomagalhaes.com.br\/index.php\/wp-json\/wp\/v2\/tags?post=119939"}],"curies":[{"name":"wp","href":"https:\/\/api.w.org\/{rel}","templated":true}]}}