{"id":119936,"date":"2025-05-29T15:22:48","date_gmt":"2025-05-29T18:22:48","guid":{"rendered":"https:\/\/blogdoedvaldomagalhaes.com.br\/?p=119936"},"modified":"2025-05-29T15:22:48","modified_gmt":"2025-05-29T18:22:48","slug":"transforma-caruaru-vai-coordenar-mais-um-sao-joao-sustentavel-em-caruaru","status":"publish","type":"post","link":"https:\/\/blogdoedvaldomagalhaes.com.br\/index.php\/2025\/05\/29\/transforma-caruaru-vai-coordenar-mais-um-sao-joao-sustentavel-em-caruaru\/","title":{"rendered":"Transforma Caruaru vai coordenar mais um S\u00e3o Jo\u00e3o Sustent\u00e1vel em Caruaru"},"content":{"rendered":"<p>O Transforma Caruaru, em parceria com a Secretaria de Servi\u00e7os P\u00fablicos, mais uma vez, coordenar\u00e1 o S\u00e3o Jo\u00e3o Sustent\u00e1vel no Maior e Melhor S\u00e3o Jo\u00e3o do Mundo.<\/p>\n<p>Esse ano ser\u00e3o 160 agentes ambientais com o objetivo de retirar os res\u00edduos  do p\u00e1tio de Eventos durante a festa. Haver\u00e1 duas unidades da Central de Sustentabilidade, sendo uma no P\u00e1tio de Eventos e outra no Alto do Moura, onde atuar\u00e3o tr\u00eas iniciativas sociais: Instituto M\u00e3os Amigas, Instituto do Meio Ambiente e Associa\u00e7\u00e3o de Catadores de Recicl\u00e1veis de Caruaru, gerando uma economia circular, promovendo a\u00e7\u00f5es de iniciativas sociais.<\/p>\n<p>Os agentes ambientais receber\u00e3o uma forma\u00e7\u00e3o da Rede Muda Mundo, que ser\u00e1 realizada em parceria, no audit\u00f3rio da Secretaria de Assist\u00eancia Social .<\/p>\n<p>Patrocinadores como a Coca-cola\/Solar, Aposta Ganha e Eureciclo garantem a compra  dos vidros e dos pets da festa, al\u00e9m de garantir epi, big bags, bags , hidrata\u00e7\u00e3o, coletes e alimenta\u00e7\u00e3o.<\/p>\n<p>O Camarote Exclusive mais uma vez destina seu ingresso social para o S\u00e3o Jo\u00e3o Solid\u00e1rio, onde ser\u00e3o beneficiadas v\u00e1rias iniciativas sociais da cidade e da zona rural de Caruaru.<\/p>\n<p>&#8220;O S\u00e3o Jo\u00e3o Sustent\u00e1vel tem como objetivo trabalhar o trip\u00e9 da sustentabilidade, ambiental , social e econ\u00f4mico. Promover parcerias  com ESG que ampliam a qualidade do trabalho dos agentes ambientais, dessa forma impactando de modo positivo na vida de muitas pessoas e no nosso meio ambiente&#8221;, ressaltou a Gerente do Transforma Caruaru, Christianny Magalh\u00e3es.<\/p>\n<p>*Catadores recebem cuidado emocional*<\/p>\n<p>Nesta quinta-feira (29), a F\u00e1brica do Bem, unidade do ecossistema da Rede Muda Mundo (RMM), realiza em parceria com a Prefeitura de Caruaru, atrav\u00e9s do Transforma Caruaru e Secretaria de Assist\u00eancia Social, uma experi\u00eancia in\u00e9dita para mais de 100 catadores que ir\u00e3o trabalhar durante os festejos juninos da cidade. Com in\u00edcio \u00e0s 17h30, na sede da Secretaria de Assist\u00eancia Social, a a\u00e7\u00e3o ter\u00e1 tr\u00eas horas de dura\u00e7\u00e3o e foi idealizada para oferecer um ambiente sensorial, acolhedor e afetivo. O objetivo \u00e9 reconhecer a import\u00e2ncia dos catadores para o sucesso do S\u00e3o Jo\u00e3o, destacando um grupo que, embora muitas vezes invisibilizado, \u00e9 essencial para garantir a limpeza e a organiza\u00e7\u00e3o de um dos maiores eventos juninos do pa\u00eds.<\/p>\n<p>A F\u00e1brica do Bem \u00e9 a unidade da Rede Muda Mundo voltada para sa\u00fade emocional, mental, autocuidado e bem-estar, sempre com o prop\u00f3sito de cuidar de quem cuida. Al\u00e9m de oferecer aten\u00e7\u00e3o emocional, a iniciativa busca refor\u00e7ar o valor social e econ\u00f4mico desses trabalhadores, valorizando seu esfor\u00e7o e contribui\u00e7\u00e3o para a cidade.<br \/>\nSiga o Instagram do Blog pelo @blogdoedvaldomagalhaes<br \/>\nFoto: Transforma Caruaru<\/p>\n","protected":false},"excerpt":{"rendered":"<p>O Transforma Caruaru, em parceria com a Secretaria de Servi\u00e7os P\u00fablicos, mais uma vez, coordenar\u00e1 o S\u00e3o Jo\u00e3o Sustent\u00e1vel no&hellip;<\/p>\n","protected":false},"author":1,"featured_media":119937,"comment_status":"closed","ping_status":"open","sticky":false,"template":"","format":"standard","meta":{"footnotes":""},"categories":[14120],"tags":[28803,27410,2,28801,33721],"class_list":["post-119936","post","type-post","status-publish","format-standard","has-post-thumbnail","hentry","category-noticias","tag-blog-com-mais-visualizacoes","tag-blog-de-caruaru","tag-blog-do-edvaldo-magalhaes","tag-blog-mais-acessado","tag-transforma-caruaru-vai-coordenar-mais-um-sao-joao-sustentavel-em-caruaru"],"_links":{"self":[{"href":"https:\/\/blogdoedvaldomagalhaes.com.br\/index.php\/wp-json\/wp\/v2\/posts\/119936","targetHints":{"allow":["GET"]}}],"collection":[{"href":"https:\/\/blogdoedvaldomagalhaes.com.br\/index.php\/wp-json\/wp\/v2\/posts"}],"about":[{"href":"https:\/\/blogdoedvaldomagalhaes.com.br\/index.php\/wp-json\/wp\/v2\/types\/post"}],"author":[{"embeddable":true,"href":"https:\/\/blogdoedvaldomagalhaes.com.br\/index.php\/wp-json\/wp\/v2\/users\/1"}],"replies":[{"embeddable":true,"href":"https:\/\/blogdoedvaldomagalhaes.com.br\/index.php\/wp-json\/wp\/v2\/comments?post=119936"}],"version-history":[{"count":1,"href":"https:\/\/blogdoedvaldomagalhaes.com.br\/index.php\/wp-json\/wp\/v2\/posts\/119936\/revisions"}],"predecessor-version":[{"id":119938,"href":"https:\/\/blogdoedvaldomagalhaes.com.br\/index.php\/wp-json\/wp\/v2\/posts\/119936\/revisions\/119938"}],"wp:featuredmedia":[{"embeddable":true,"href":"https:\/\/blogdoedvaldomagalhaes.com.br\/index.php\/wp-json\/wp\/v2\/media\/119937"}],"wp:attachment":[{"href":"https:\/\/blogdoedvaldomagalhaes.com.br\/index.php\/wp-json\/wp\/v2\/media?parent=119936"}],"wp:term":[{"taxonomy":"category","embeddable":true,"href":"https:\/\/blogdoedvaldomagalhaes.com.br\/index.php\/wp-json\/wp\/v2\/categories?post=119936"},{"taxonomy":"post_tag","embeddable":true,"href":"https:\/\/blogdoedvaldomagalhaes.com.br\/index.php\/wp-json\/wp\/v2\/tags?post=119936"}],"curies":[{"name":"wp","href":"https:\/\/api.w.org\/{rel}","templated":true}]}}