{"id":119930,"date":"2025-05-29T14:56:55","date_gmt":"2025-05-29T17:56:55","guid":{"rendered":"https:\/\/blogdoedvaldomagalhaes.com.br\/?p=119930"},"modified":"2025-05-29T14:56:55","modified_gmt":"2025-05-29T17:56:55","slug":"caruaru-participa-de-encontro-estadual-para-fortalecimento-do-turismo-em-pernambuco","status":"publish","type":"post","link":"https:\/\/blogdoedvaldomagalhaes.com.br\/index.php\/2025\/05\/29\/caruaru-participa-de-encontro-estadual-para-fortalecimento-do-turismo-em-pernambuco\/","title":{"rendered":"Caruaru participa de encontro estadual para fortalecimento do turismo em Pernambuco"},"content":{"rendered":"<p>A Secretaria de Desenvolvimento Econ\u00f4mico, Turismo, Tecnologia e Economia Criativa, est\u00e1 participando do II Encontro da Associa\u00e7\u00e3o das Secretarias de Turismo de Pernambuco (ASTUR\/PE), realizado de 28 a 30 de maio, no munic\u00edpio de Lagoa Grande. A iniciativa re\u00fane representantes de diversas cidades pernambucanas, autoridades, profissionais do setor, entidades de classe e institui\u00e7\u00f5es parceiras.<\/p>\n<p>Durante o evento, est\u00e3o sendo promovidos debates, viv\u00eancias e momentos de integra\u00e7\u00e3o que visam fortalecer o turismo regional e incentivar a ado\u00e7\u00e3o de boas pr\u00e1ticas entre os munic\u00edpios. O encontro tem se consolidado como um espa\u00e7o estrat\u00e9gico para o alinhamento de pol\u00edticas p\u00fablicas, fomento de parcerias e promo\u00e7\u00e3o das potencialidades tur\u00edsticas de Pernambuco.<\/p>\n<p>Na abertura oficial, realizada na noite dessa quarta-feira (28), aconteceu a posse da nova diretoria da ASTUR\/PE para o bi\u00eanio 2025-2027, em cerim\u00f4nia realizada no F\u00f3rum de Santa Maria da Boa Vista. A nova gest\u00e3o assume com o desafio de ampliar o di\u00e1logo entre as secretarias municipais e fortalecer a atua\u00e7\u00e3o conjunta no setor.<\/p>\n<p>\u201cParticipar de eventos como esse da ASTUR fortalece nossa Coordena\u00e7\u00e3o de Turismo e nos aproxima de secret\u00e1rios e dirigentes de turismo de todo o Estado de Pernambuco, SETUR, EMPETUR e Sistema S, trocando experi\u00eancias, conhecendo novas pr\u00e1ticas de a\u00e7\u00f5es tur\u00edsticas e aproveitamos para divulgar Caruaru para todos os que fazem o turismo de Pernambuco\u201d, destacou o secret\u00e1rio Jaime Anselmo.<br \/>\nSiga o Instagram do Blog pelo @blogdoedvaldomagalhaes<br \/>\nFoto: SEDETEC<\/p>\n","protected":false},"excerpt":{"rendered":"<p>A Secretaria de Desenvolvimento Econ\u00f4mico, Turismo, Tecnologia e Economia Criativa, est\u00e1 participando do II Encontro da Associa\u00e7\u00e3o das Secretarias de&hellip;<\/p>\n","protected":false},"author":1,"featured_media":119931,"comment_status":"closed","ping_status":"open","sticky":false,"template":"","format":"standard","meta":{"footnotes":""},"categories":[14120],"tags":[29440,27410,13146,28801,33719],"class_list":["post-119930","post","type-post","status-publish","format-standard","has-post-thumbnail","hentry","category-noticias","tag-blog-com-mais-visualizacao","tag-blog-de-caruaru","tag-blog-edvaldo-magalhaes","tag-blog-mais-acessado","tag-caruaru-participa-de-encontro-estadual-para-fortalecimento-do-turismo-em-pernambuco"],"_links":{"self":[{"href":"https:\/\/blogdoedvaldomagalhaes.com.br\/index.php\/wp-json\/wp\/v2\/posts\/119930","targetHints":{"allow":["GET"]}}],"collection":[{"href":"https:\/\/blogdoedvaldomagalhaes.com.br\/index.php\/wp-json\/wp\/v2\/posts"}],"about":[{"href":"https:\/\/blogdoedvaldomagalhaes.com.br\/index.php\/wp-json\/wp\/v2\/types\/post"}],"author":[{"embeddable":true,"href":"https:\/\/blogdoedvaldomagalhaes.com.br\/index.php\/wp-json\/wp\/v2\/users\/1"}],"replies":[{"embeddable":true,"href":"https:\/\/blogdoedvaldomagalhaes.com.br\/index.php\/wp-json\/wp\/v2\/comments?post=119930"}],"version-history":[{"count":1,"href":"https:\/\/blogdoedvaldomagalhaes.com.br\/index.php\/wp-json\/wp\/v2\/posts\/119930\/revisions"}],"predecessor-version":[{"id":119932,"href":"https:\/\/blogdoedvaldomagalhaes.com.br\/index.php\/wp-json\/wp\/v2\/posts\/119930\/revisions\/119932"}],"wp:featuredmedia":[{"embeddable":true,"href":"https:\/\/blogdoedvaldomagalhaes.com.br\/index.php\/wp-json\/wp\/v2\/media\/119931"}],"wp:attachment":[{"href":"https:\/\/blogdoedvaldomagalhaes.com.br\/index.php\/wp-json\/wp\/v2\/media?parent=119930"}],"wp:term":[{"taxonomy":"category","embeddable":true,"href":"https:\/\/blogdoedvaldomagalhaes.com.br\/index.php\/wp-json\/wp\/v2\/categories?post=119930"},{"taxonomy":"post_tag","embeddable":true,"href":"https:\/\/blogdoedvaldomagalhaes.com.br\/index.php\/wp-json\/wp\/v2\/tags?post=119930"}],"curies":[{"name":"wp","href":"https:\/\/api.w.org\/{rel}","templated":true}]}}