{"id":119927,"date":"2025-05-29T14:32:35","date_gmt":"2025-05-29T17:32:35","guid":{"rendered":"https:\/\/blogdoedvaldomagalhaes.com.br\/?p=119927"},"modified":"2025-05-29T14:32:35","modified_gmt":"2025-05-29T17:32:35","slug":"luz-que-economiza-agua-que-cuida-caruaru-no-rumo-certo-com-dois-novos-anteprojetos-do-vereador-jorge-quintino","status":"publish","type":"post","link":"https:\/\/blogdoedvaldomagalhaes.com.br\/index.php\/2025\/05\/29\/luz-que-economiza-agua-que-cuida-caruaru-no-rumo-certo-com-dois-novos-anteprojetos-do-vereador-jorge-quintino\/","title":{"rendered":"LUZ QUE ECONOMIZA, \u00c1GUA QUE CUIDA: CARUARU NO RUMO CERTO COM DOIS NOVOS ANTEPROJETOS DO VEREADOR JORGE QUINTINO"},"content":{"rendered":"<p>Imagine uma cidade onde as luzes se acendem de forma inteligente, reduzindo custos e aumentando a seguran\u00e7a. E onde pra\u00e7as, parques e espa\u00e7os p\u00fablicos oferecem \u00e1gua pot\u00e1vel gratuita para todos. Parece um sonho? Pois \u00e9 exatamente esse futuro que o vereador Professor Jorge Quintino quer construir em Caruaru.<\/p>\n<p>Nesta semana, o parlamentar apresentou dois importantes anteprojetos de lei: o Programa de Ilumina\u00e7\u00e3o P\u00fablica Inteligente e o Programa Caruaru Hidratada.<\/p>\n<p>A proposta de ilumina\u00e7\u00e3o p\u00fablica visa modernizar o sistema de luz nas ruas com tecnologia LED, sensores de presen\u00e7a e monitoramento remoto, trazendo mais efici\u00eancia, economia e seguran\u00e7a para a popula\u00e7\u00e3o. \u201c\u00c9 um passo necess\u00e1rio para uma cidade que pensa no futuro, com sustentabilidade e intelig\u00eancia\u201d, destaca o vereador.<\/p>\n<p>J\u00e1 o Programa Caruaru Hidratada prev\u00ea a instala\u00e7\u00e3o de bebedouros com \u00e1gua pot\u00e1vel em espa\u00e7os p\u00fablicos como pra\u00e7as, parques, feiras e terminais de \u00f4nibus. \u201c\u00c9 sa\u00fade, dignidade e bem-estar. \u00c1gua \u00e9 um direito, e garantir acesso gratuito \u00e0 popula\u00e7\u00e3o \u00e9 tamb\u00e9m cuidar das pessoas\u201d, afirma Quintino.<\/p>\n<p>Ambas as propostas refor\u00e7am o compromisso do mandato com a\u00e7\u00f5es concretas voltadas ao bem-estar da popula\u00e7\u00e3o e \u00e0 constru\u00e7\u00e3o de uma Caruaru mais humana, sustent\u00e1vel e moderna.<\/p>\n<p>\u201cCada projeto que a gente apresenta tem uma miss\u00e3o: melhorar a vida de quem vive nesta cidade. A luz que queremos acender \u00e9 de progresso, e a \u00e1gua que queremos oferecer \u00e9 de cuidado com cada caruaruense\u201d, finaliza o vereador.<br \/>\nSeja seguidor do Instagram do Blog pelo @blogdoedvaldomagalhaes<br \/>\nFoto: Vladimir Barreto <\/p>\n","protected":false},"excerpt":{"rendered":"<p>Imagine uma cidade onde as luzes se acendem de forma inteligente, reduzindo custos e aumentando a seguran\u00e7a. E onde pra\u00e7as,&hellip;<\/p>\n","protected":false},"author":1,"featured_media":119928,"comment_status":"closed","ping_status":"open","sticky":false,"template":"","format":"standard","meta":{"footnotes":""},"categories":[14122],"tags":[28803,27410,28801,20,27236],"class_list":["post-119927","post","type-post","status-publish","format-standard","has-post-thumbnail","hentry","category-politica","tag-blog-com-mais-visualizacoes","tag-blog-de-caruaru","tag-blog-mais-acessado","tag-politica","tag-vereador-jorge-quintino"],"_links":{"self":[{"href":"https:\/\/blogdoedvaldomagalhaes.com.br\/index.php\/wp-json\/wp\/v2\/posts\/119927","targetHints":{"allow":["GET"]}}],"collection":[{"href":"https:\/\/blogdoedvaldomagalhaes.com.br\/index.php\/wp-json\/wp\/v2\/posts"}],"about":[{"href":"https:\/\/blogdoedvaldomagalhaes.com.br\/index.php\/wp-json\/wp\/v2\/types\/post"}],"author":[{"embeddable":true,"href":"https:\/\/blogdoedvaldomagalhaes.com.br\/index.php\/wp-json\/wp\/v2\/users\/1"}],"replies":[{"embeddable":true,"href":"https:\/\/blogdoedvaldomagalhaes.com.br\/index.php\/wp-json\/wp\/v2\/comments?post=119927"}],"version-history":[{"count":1,"href":"https:\/\/blogdoedvaldomagalhaes.com.br\/index.php\/wp-json\/wp\/v2\/posts\/119927\/revisions"}],"predecessor-version":[{"id":119929,"href":"https:\/\/blogdoedvaldomagalhaes.com.br\/index.php\/wp-json\/wp\/v2\/posts\/119927\/revisions\/119929"}],"wp:featuredmedia":[{"embeddable":true,"href":"https:\/\/blogdoedvaldomagalhaes.com.br\/index.php\/wp-json\/wp\/v2\/media\/119928"}],"wp:attachment":[{"href":"https:\/\/blogdoedvaldomagalhaes.com.br\/index.php\/wp-json\/wp\/v2\/media?parent=119927"}],"wp:term":[{"taxonomy":"category","embeddable":true,"href":"https:\/\/blogdoedvaldomagalhaes.com.br\/index.php\/wp-json\/wp\/v2\/categories?post=119927"},{"taxonomy":"post_tag","embeddable":true,"href":"https:\/\/blogdoedvaldomagalhaes.com.br\/index.php\/wp-json\/wp\/v2\/tags?post=119927"}],"curies":[{"name":"wp","href":"https:\/\/api.w.org\/{rel}","templated":true}]}}