{"id":119924,"date":"2025-05-29T10:40:20","date_gmt":"2025-05-29T13:40:20","guid":{"rendered":"https:\/\/blogdoedvaldomagalhaes.com.br\/?p=119924"},"modified":"2025-05-29T10:40:20","modified_gmt":"2025-05-29T13:40:20","slug":"vacinacao-contra-influenza-e-hpv-sera-realizada-neste-sabado-31-no-marco-zero-de-caruaru","status":"publish","type":"post","link":"https:\/\/blogdoedvaldomagalhaes.com.br\/index.php\/2025\/05\/29\/vacinacao-contra-influenza-e-hpv-sera-realizada-neste-sabado-31-no-marco-zero-de-caruaru\/","title":{"rendered":"Vacina\u00e7\u00e3o contra Influenza e HPV ser\u00e1 realizada neste s\u00e1bado (31), no Marco Zero de Caruaru"},"content":{"rendered":"<p>_Para se vacinar, \u00e9 necess\u00e1rio levar caderneta de vacina\u00e7\u00e3o, CPF ou cart\u00e3o do SUS_<\/p>\n<p>A Secretaria Municipal de Sa\u00fade (SMS), realizar\u00e1, neste s\u00e1bado, 31 de maio, uma a\u00e7\u00e3o especial de vacina\u00e7\u00e3o contra Influenza e HPV, com atendimento aberto ao p\u00fablico no Marco Zero, das 8h \u00e0s 13h.<\/p>\n<p>A mobiliza\u00e7\u00e3o tem o objetivo de ampliar a cobertura vacinal dos grupos priorit\u00e1rios e garantir prote\u00e7\u00e3o para toda a popula\u00e7\u00e3o. Equipes de sa\u00fade estar\u00e3o no local realizando a aplica\u00e7\u00e3o dos imunizantes de forma r\u00e1pida, segura e gratuita.<\/p>\n<p>A vacina est\u00e1 dispon\u00edvel para o p\u00fablico geral a partir dos 6 meses de idade, al\u00e9m dos grupos priorit\u00e1rios, que incluem:<\/p>\n<p>\t\u2022\tGrupos de rotina: crian\u00e7as de 6 meses a menores de 6 anos, gestantes e idosos;<br \/>\n\t\u2022\tDemais grupos priorit\u00e1rios: trabalhadores da sa\u00fade, pu\u00e9rperas (at\u00e9 45 dias ap\u00f3s o parto), professores, for\u00e7as de seguran\u00e7a e salvamento, for\u00e7as armadas, pessoas com defici\u00eancia permanente, caminhoneiros, trabalhadores do transporte coletivo, adolescentes em medidas socioeducativas (12 a 21 anos), pessoas privadas de liberdade, indiv\u00edduos com comorbidades, moradores em situa\u00e7\u00e3o de rua e profissionais dos Correios.<\/p>\n<p>J\u00e1 a vacina contra o HPV ser\u00e1 ofertada para adolescentes de 9 a 19 anos que ainda n\u00e3o foram vacinados, com o objetivo de prevenir o v\u00edrus do papiloma humano, associado ao c\u00e2ncer do colo do \u00fatero, p\u00eanis, garganta e \u00e2nus. A imuniza\u00e7\u00e3o precoce \u00e9 uma das formas mais eficazes de prote\u00e7\u00e3o.<\/p>\n<p>Para ser vacinar, \u00e9 necess\u00e1rio levar caderneta de vacina\u00e7\u00e3o, CPF ou cart\u00e3o do SUS.<br \/>\nSeja seguidor do Instagram do Blog pelo @blogdoedvaldomagalhes<br \/>\nFoto: Divulga\u00e7\u00e3o\/Secom\/PMC<\/p>\n","protected":false},"excerpt":{"rendered":"<p>_Para se vacinar, \u00e9 necess\u00e1rio levar caderneta de vacina\u00e7\u00e3o, CPF ou cart\u00e3o do SUS_ A Secretaria Municipal de Sa\u00fade (SMS),&hellip;<\/p>\n","protected":false},"author":1,"featured_media":119925,"comment_status":"closed","ping_status":"open","sticky":false,"template":"","format":"standard","meta":{"footnotes":""},"categories":[14120],"tags":[28803,27410,2,28801,33717],"class_list":["post-119924","post","type-post","status-publish","format-standard","has-post-thumbnail","hentry","category-noticias","tag-blog-com-mais-visualizacoes","tag-blog-de-caruaru","tag-blog-do-edvaldo-magalhaes","tag-blog-mais-acessado","tag-vacinacao-contra-influenza-e-hpv-sera-realizada-neste-sabado-31"],"_links":{"self":[{"href":"https:\/\/blogdoedvaldomagalhaes.com.br\/index.php\/wp-json\/wp\/v2\/posts\/119924","targetHints":{"allow":["GET"]}}],"collection":[{"href":"https:\/\/blogdoedvaldomagalhaes.com.br\/index.php\/wp-json\/wp\/v2\/posts"}],"about":[{"href":"https:\/\/blogdoedvaldomagalhaes.com.br\/index.php\/wp-json\/wp\/v2\/types\/post"}],"author":[{"embeddable":true,"href":"https:\/\/blogdoedvaldomagalhaes.com.br\/index.php\/wp-json\/wp\/v2\/users\/1"}],"replies":[{"embeddable":true,"href":"https:\/\/blogdoedvaldomagalhaes.com.br\/index.php\/wp-json\/wp\/v2\/comments?post=119924"}],"version-history":[{"count":1,"href":"https:\/\/blogdoedvaldomagalhaes.com.br\/index.php\/wp-json\/wp\/v2\/posts\/119924\/revisions"}],"predecessor-version":[{"id":119926,"href":"https:\/\/blogdoedvaldomagalhaes.com.br\/index.php\/wp-json\/wp\/v2\/posts\/119924\/revisions\/119926"}],"wp:featuredmedia":[{"embeddable":true,"href":"https:\/\/blogdoedvaldomagalhaes.com.br\/index.php\/wp-json\/wp\/v2\/media\/119925"}],"wp:attachment":[{"href":"https:\/\/blogdoedvaldomagalhaes.com.br\/index.php\/wp-json\/wp\/v2\/media?parent=119924"}],"wp:term":[{"taxonomy":"category","embeddable":true,"href":"https:\/\/blogdoedvaldomagalhaes.com.br\/index.php\/wp-json\/wp\/v2\/categories?post=119924"},{"taxonomy":"post_tag","embeddable":true,"href":"https:\/\/blogdoedvaldomagalhaes.com.br\/index.php\/wp-json\/wp\/v2\/tags?post=119924"}],"curies":[{"name":"wp","href":"https:\/\/api.w.org\/{rel}","templated":true}]}}