{"id":119921,"date":"2025-05-28T22:39:52","date_gmt":"2025-05-29T01:39:52","guid":{"rendered":"https:\/\/blogdoedvaldomagalhaes.com.br\/?p=119921"},"modified":"2025-05-28T22:39:52","modified_gmt":"2025-05-29T01:39:52","slug":"confira-o-esquema-de-mobilidade-para-o-sao-joao-de-caruaru","status":"publish","type":"post","link":"https:\/\/blogdoedvaldomagalhaes.com.br\/index.php\/2025\/05\/28\/confira-o-esquema-de-mobilidade-para-o-sao-joao-de-caruaru\/","title":{"rendered":"Confira o esquema de mobilidade para o S\u00e3o Jo\u00e3o de Caruaru"},"content":{"rendered":"<p>A Autarquia de Mobilidade de Caruaru (AMC), divulga esquema de mobilidade para o S\u00e3o Jo\u00e3o 2025. Para a realiza\u00e7\u00e3o desse grandioso evento, \u00e9 preciso ter um acesso de qualidade para todos os forrozeiros e turistas.<\/p>\n<p>*P\u00c1TIO DO FORR\u00d3 E ESTA\u00c7\u00c3O FERROVI\u00c1RIA*<br \/>\nO esquema de mobilidade para o polo principal da festa e os polos no entorno tamb\u00e9m contar\u00e3o com algumas mudan\u00e7as. Com objetivo de melhorar o fluxo de ve\u00edculos nos arredores do P\u00e1tio e da Esta\u00e7\u00e3o nos dias de evento, a AMC fechar\u00e1 algumas ruas e avenidas no entorno dos locais, a partir das 18h. <\/p>\n<p>Os bloqueios acontecer\u00e3o nas seguintes vias:<\/p>\n<p>&#8211; Travessa Jornalista An\u00edbal Fernandes;<br \/>\n&#8211; Rua Jornalista An\u00edbal Fernandes;<br \/>\n&#8211; \u2060Rua Ant\u00f4nio Satu;<br \/>\n&#8211; Rua Martins J\u00fanior;<br \/>\n&#8211; Rua Erasmo Braga<br \/>\n&#8211; Rua Dr. J\u00falio de Melo;<br \/>\n&#8211; Agnelo Dias Vidal (Fechada durante todo o S\u00e3o Jo\u00e3o);<br \/>\n&#8211; Rua Manoel Surubim;<br \/>\n&#8211; Rua Cleto Campelo;<br \/>\n&#8211; Rua Frei Caneca;<br \/>\n&#8211; Travessa Manoel Surubim;<br \/>\n&#8211; Rua S\u00e3o Vicente de Paula (incluindo seus acessos, fechados durante o S\u00e3o Jo\u00e3o);<br \/>\n&#8211; Rua Jo\u00e3o Tavares;<br \/>\n&#8211; Rua Jo\u00e3o Tib\u00farcio (acesso fechado durante o S\u00e3o Jo\u00e3o);<br \/>\n&#8211; Rua Mestre Pedro (acesso liberado para os \u00f4nibus);<br \/>\n&#8211; Rua Evaristo da Veiga;<br \/>\n&#8211; Travessa Filemon Bastos (fechado durante o S\u00e3o Jo\u00e3o).<\/p>\n<p>*RUA JOS\u00c9 MARIANO COM SENTIDO INVERTIDO*<br \/>\nA rua Dr. Jos\u00e9 Mariano (at\u00e9 a pra\u00e7a Pedro de Souza) ter\u00e1 sentido invertido no tr\u00e2nsito durante os dias do evento (Sub\u00farbio\/Centro). O objetivo da mudan\u00e7a \u00e9 gerar mais mobilidade para o condutor. Agentes de Tr\u00e2nsito da AMC estar\u00e3o nas ruas, orientando os condutores e auxiliando na fluidez do tr\u00e2nsito nos locais.<\/p>\n<p>*TRANSPORTES*<br \/>\nPara os forrozeiros que precisam se locomover de transportes p\u00fablicos, os locais de embarque e desembarque dos t\u00e1xis, motot\u00e1xis e \u00f4nibus tamb\u00e9m ter\u00e3o uma aten\u00e7\u00e3o especial este ano. Ser\u00e3o v\u00e1rios pontos espalhados na \u00e1rea do evento.<\/p>\n<p>EMBARQUE\/DESEMBARQUE<br \/>\n*\u00d4NIBUS:*<br \/>\n&#8211; Rua Belmiro Pereira (pr\u00f3ximo ao Tiro de Guerra);<br \/>\n&#8211; Rua Silva Jardim;<br \/>\n&#8211; Rua Cleto Campelo (Terminal tradicional);<br \/>\n&#8211; Rua Rodolfo Garcia (pra\u00e7a);<br \/>\n&#8211; Rua Jos\u00e9 Mariano.<br \/>\n*T\u00c1XI:*<br \/>\n&#8211; Rua Belmiro Pereira (pr\u00f3ximo ao Tiro de Guerra);<br \/>\n&#8211; Rua Capit\u00e3o Jo\u00e3o Velho;<br \/>\n&#8211; Rua Filemon Bastos de Oliveira (sentido Salgado);<br \/>\n&#8211; Rua Jornalista An\u00edbal Fernandes;<br \/>\n&#8211; Rua Visconde de Inha\u00fama.<br \/>\n*MOTOT\u00c1XI:*<br \/>\n&#8211; Pra\u00e7a Gi\u00e1como Mastroianni;<br \/>\n&#8211; Rua Filemon Bastos de Oliveira (sentido Salgado);<br \/>\n&#8211; Rua Jornalista An\u00edbal Fernandes;<br \/>\n&#8211; Avenida Manoel de Freitas.<\/p>\n<p>*APLICATIVOS:*<br \/>\nOs motoristas de aplicativos contar\u00e3o com pontos de embarque e desembarque de passageiros na av. Rio Branco, Rua Major Manoel de Freitas, Coronel Limeira, Capit\u00e3o Jo\u00e3o Velho e Rua Belmiro Pereira, conforme o mapa. A categoria reivindicava um espa\u00e7o junto ao munic\u00edpio, tendo em vista que nas edi\u00e7\u00f5es anteriores do evento n\u00e3o existiam locais para deixar e buscar passageiros. Vale ressaltar que, para evitar engarrafamentos, est\u00e1 proibido ponto de parada dos motoristas a fim de ficar esperando viagens. O ponto ser\u00e1 de uso exclusivo para embarque e desembarque. <\/p>\n<p>*POLO AZUL\u00c3O*<br \/>\nNo Polo Azul\u00e3o, durante os dias de funcionamento, as ruas fechadas ser\u00e3o:<br \/>\n&#8211; Avenida Rui Barbosa;<br \/>\n&#8211; Rua Felipe Camar\u00e3o;<br \/>\n&#8211; Rua Armando da Fonte (ao lado do Grande Hotel).<\/p>\n<p>*ALTO DO MOURA*<br \/>\nDe acordo com o mapa, a avenida Le\u00e3o Dourado estar\u00e1 fechada para circula\u00e7\u00e3o do p\u00fablico, a partir do estacionamento. O bloqueio segue at\u00e9 o fim da rua  at\u00e9 o cruzamento com a Travessa Mestre Pedro. <\/p>\n<p>Os forrozeiros t\u00eam a op\u00e7\u00e3o de acesso pela BR-232, com entrada no antigo Posto Agamenon e sa\u00edda ao lado do residencial Alto do Moura. Outra forma de chegar ao maior centro de artes figurativas das Am\u00e9ricas \u00e9 pela avenida do Distrito Industrial, a avenida Jo\u00e3o Soares Machado, que recentemente foi requalificada para facilitar a mobilidade na \u00e1rea.<\/p>\n<p>*TRANSPORTES*<br \/>\nNo Alto do Moura, os t\u00e1xis, motot\u00e1xis, aplicativos e \u00f4nibus tamb\u00e9m ter\u00e3o um espa\u00e7o de embarque e desembarque especiais. O embarque e desembarque de passageiros acontecer\u00e1 pr\u00f3ximo ao palco na entrada do Alto do Moura.<\/p>\n<p>*ESTACIONAMENTOS NO ALTO DO MOURA*<br \/>\nA \u00e1rea de estacionamento do Alto do Moura ser\u00e1 ao lado do espa\u00e7o do palco. Tanto para quem seguir pela avenida Le\u00e3o Dourado, como para quem vem pelo novo acesso, via BR-232, ter\u00e1 como chegar \u00e0 \u00e1rea de estacionamento do local.<\/p>\n<p>*COI \u2013 CENTRO DE OPERA\u00c7\u00d5ES INTEGRADAS \u2013 P\u00c1TIO DE EVENTOS*<br \/>\nA AMC ter\u00e1, no P\u00e1tio de Eventos, um espa\u00e7o para resolu\u00e7\u00e3o de demandas com o condutor. Caso o usu\u00e1rio tenha alguma atividade, seja de ve\u00edculo guinchado, multas ou libera\u00e7\u00e3o de autom\u00f3vel, o COI, localizado no Espa\u00e7o Cultural Tancredo Neves, contar\u00e1 com uma equipe de plant\u00e3o para atender o cidad\u00e3o todos os dias de evento.<br \/>\nSiga o Instagram do Blog pelo @blogdoedvaldomagalhaes<br \/>\nFoto ilustrativa do P\u00e1tio de Eventos: Warley Santos <\/p>\n","protected":false},"excerpt":{"rendered":"<p>A Autarquia de Mobilidade de Caruaru (AMC), divulga esquema de mobilidade para o S\u00e3o Jo\u00e3o 2025. Para a realiza\u00e7\u00e3o desse&hellip;<\/p>\n","protected":false},"author":1,"featured_media":119922,"comment_status":"closed","ping_status":"open","sticky":false,"template":"","format":"standard","meta":{"footnotes":""},"categories":[14120],"tags":[29440,27410,2,28801,33716],"class_list":["post-119921","post","type-post","status-publish","format-standard","has-post-thumbnail","hentry","category-noticias","tag-blog-com-mais-visualizacao","tag-blog-de-caruaru","tag-blog-do-edvaldo-magalhaes","tag-blog-mais-acessado","tag-confira-o-esquema-de-mobilidade-para-o-sao-joao-de-caruaru"],"_links":{"self":[{"href":"https:\/\/blogdoedvaldomagalhaes.com.br\/index.php\/wp-json\/wp\/v2\/posts\/119921","targetHints":{"allow":["GET"]}}],"collection":[{"href":"https:\/\/blogdoedvaldomagalhaes.com.br\/index.php\/wp-json\/wp\/v2\/posts"}],"about":[{"href":"https:\/\/blogdoedvaldomagalhaes.com.br\/index.php\/wp-json\/wp\/v2\/types\/post"}],"author":[{"embeddable":true,"href":"https:\/\/blogdoedvaldomagalhaes.com.br\/index.php\/wp-json\/wp\/v2\/users\/1"}],"replies":[{"embeddable":true,"href":"https:\/\/blogdoedvaldomagalhaes.com.br\/index.php\/wp-json\/wp\/v2\/comments?post=119921"}],"version-history":[{"count":1,"href":"https:\/\/blogdoedvaldomagalhaes.com.br\/index.php\/wp-json\/wp\/v2\/posts\/119921\/revisions"}],"predecessor-version":[{"id":119923,"href":"https:\/\/blogdoedvaldomagalhaes.com.br\/index.php\/wp-json\/wp\/v2\/posts\/119921\/revisions\/119923"}],"wp:featuredmedia":[{"embeddable":true,"href":"https:\/\/blogdoedvaldomagalhaes.com.br\/index.php\/wp-json\/wp\/v2\/media\/119922"}],"wp:attachment":[{"href":"https:\/\/blogdoedvaldomagalhaes.com.br\/index.php\/wp-json\/wp\/v2\/media?parent=119921"}],"wp:term":[{"taxonomy":"category","embeddable":true,"href":"https:\/\/blogdoedvaldomagalhaes.com.br\/index.php\/wp-json\/wp\/v2\/categories?post=119921"},{"taxonomy":"post_tag","embeddable":true,"href":"https:\/\/blogdoedvaldomagalhaes.com.br\/index.php\/wp-json\/wp\/v2\/tags?post=119921"}],"curies":[{"name":"wp","href":"https:\/\/api.w.org\/{rel}","templated":true}]}}