{"id":119824,"date":"2025-05-25T19:38:08","date_gmt":"2025-05-25T22:38:08","guid":{"rendered":"https:\/\/blogdoedvaldomagalhaes.com.br\/?p=119824"},"modified":"2025-05-25T19:41:30","modified_gmt":"2025-05-25T22:41:30","slug":"arvores-que-apresentam-risco-de-queda-sao-removidas-da-avenida-agamenon-magalhaes","status":"publish","type":"post","link":"https:\/\/blogdoedvaldomagalhaes.com.br\/index.php\/2025\/05\/25\/arvores-que-apresentam-risco-de-queda-sao-removidas-da-avenida-agamenon-magalhaes\/","title":{"rendered":"\u00c1rvores que apresentam risco de queda s\u00e3o removidas na avenida Agamenon Magalh\u00e3es"},"content":{"rendered":"<p>A Prefeitura de Caruaru, por meio da Secretaria de Sustentabilidade e Bem-Estar Animal, informa que neste fim de semana ser\u00e1 realizada a remo\u00e7\u00e3o de \u00e1rvores identificadas com risco iminente de queda em diferentes pontos da cidade, iniciando pela Avenida Agamenon Magalh\u00e3es. A a\u00e7\u00e3o ser\u00e1 executada pelo Departamento de Podas, visando prevenir acidentes e garantir a seguran\u00e7a da popula\u00e7\u00e3o.<\/p>\n<p>As \u00e1rvores foram avaliadas por t\u00e9cnicos da pasta, que constataram danos estruturais com potencial de queda, representando perigo para pedestres, motoristas e im\u00f3veis pr\u00f3ximos.<\/p>\n<p>Como parte da pol\u00edtica de responsabilidade ambiental do munic\u00edpio, todas as \u00e1rvores removidas ser\u00e3o compensadas com o plantio de novas mudas de esp\u00e9cies nativas, contribuindo para a preserva\u00e7\u00e3o da arboriza\u00e7\u00e3o urbana e o equil\u00edbrio ambiental.<\/p>\n<p>\u201cA remo\u00e7\u00e3o \u00e9 uma medida necess\u00e1ria para proteger vidas, mas estamos igualmente comprometidos com a sustentabilidade e a recupera\u00e7\u00e3o da cobertura vegetal urbana\u201d, destacou o secret\u00e1rio de Sustentabilidade e Bem-Estar Animal, Renato Lyra.<br \/>\nSiga o Instagram do Blog pelo @blogdoedvaldomagalhaes<\/p>\n","protected":false},"excerpt":{"rendered":"<p>A Prefeitura de Caruaru, por meio da Secretaria de Sustentabilidade e Bem-Estar Animal, informa que neste fim de semana ser\u00e1&hellip;<\/p>\n","protected":false},"author":1,"featured_media":119825,"comment_status":"closed","ping_status":"open","sticky":false,"template":"","format":"standard","meta":{"footnotes":""},"categories":[14120],"tags":[33689,29440,27410,2,28801],"class_list":["post-119824","post","type-post","status-publish","format-standard","has-post-thumbnail","hentry","category-noticias","tag-arvores-que-apresentam-risco-de-queda-sao-removidas-da-avenida-agamenon-magalhaes","tag-blog-com-mais-visualizacao","tag-blog-de-caruaru","tag-blog-do-edvaldo-magalhaes","tag-blog-mais-acessado"],"_links":{"self":[{"href":"https:\/\/blogdoedvaldomagalhaes.com.br\/index.php\/wp-json\/wp\/v2\/posts\/119824","targetHints":{"allow":["GET"]}}],"collection":[{"href":"https:\/\/blogdoedvaldomagalhaes.com.br\/index.php\/wp-json\/wp\/v2\/posts"}],"about":[{"href":"https:\/\/blogdoedvaldomagalhaes.com.br\/index.php\/wp-json\/wp\/v2\/types\/post"}],"author":[{"embeddable":true,"href":"https:\/\/blogdoedvaldomagalhaes.com.br\/index.php\/wp-json\/wp\/v2\/users\/1"}],"replies":[{"embeddable":true,"href":"https:\/\/blogdoedvaldomagalhaes.com.br\/index.php\/wp-json\/wp\/v2\/comments?post=119824"}],"version-history":[{"count":2,"href":"https:\/\/blogdoedvaldomagalhaes.com.br\/index.php\/wp-json\/wp\/v2\/posts\/119824\/revisions"}],"predecessor-version":[{"id":119827,"href":"https:\/\/blogdoedvaldomagalhaes.com.br\/index.php\/wp-json\/wp\/v2\/posts\/119824\/revisions\/119827"}],"wp:featuredmedia":[{"embeddable":true,"href":"https:\/\/blogdoedvaldomagalhaes.com.br\/index.php\/wp-json\/wp\/v2\/media\/119825"}],"wp:attachment":[{"href":"https:\/\/blogdoedvaldomagalhaes.com.br\/index.php\/wp-json\/wp\/v2\/media?parent=119824"}],"wp:term":[{"taxonomy":"category","embeddable":true,"href":"https:\/\/blogdoedvaldomagalhaes.com.br\/index.php\/wp-json\/wp\/v2\/categories?post=119824"},{"taxonomy":"post_tag","embeddable":true,"href":"https:\/\/blogdoedvaldomagalhaes.com.br\/index.php\/wp-json\/wp\/v2\/tags?post=119824"}],"curies":[{"name":"wp","href":"https:\/\/api.w.org\/{rel}","templated":true}]}}