{"id":119821,"date":"2025-05-25T19:26:59","date_gmt":"2025-05-25T22:26:59","guid":{"rendered":"https:\/\/blogdoedvaldomagalhaes.com.br\/?p=119821"},"modified":"2025-05-25T19:26:59","modified_gmt":"2025-05-25T22:26:59","slug":"trio-de-alta-periculosidade-e-capturado-pela-pm","status":"publish","type":"post","link":"https:\/\/blogdoedvaldomagalhaes.com.br\/index.php\/2025\/05\/25\/trio-de-alta-periculosidade-e-capturado-pela-pm\/","title":{"rendered":"Trio de alta periculosidade \u00e9 capturado pela PM"},"content":{"rendered":"<p>Em opera\u00e7\u00e3o no condom\u00ednio Vila das Mangueiras, em Santana, Jaboat\u00e3o dos Guararapes, que mobilizou o servi\u00e7o de Intelig\u00eancia e equipes do 6\u00ba, 19\u00ba e 26\u00ba batalh\u00f5es, policiais militares prenderam tr\u00eas suspeitos de tr\u00e1fico de entorpecentes e homic\u00eddios no Pina, na Zona Sul do Recife. Considerados alvo priorit\u00e1rios e de alta periculosidade, o trio foi localizado e capturado e com ele havia um rev\u00f3lver calibre .38 e tr\u00eas celulares. Dois dos envolvidos j\u00e1 possu\u00edam mandado de pris\u00e3o em aberto e a ocorr\u00eancia foi apresentada na Pol\u00edcia Civil, para que fossem adotadas as medidas legais cab\u00edveis. Foto: Divulga\u00e7\u00e3o\/PMPE<br \/>\nSeja seguidor do Instagram do Blog pelo @blogdoedvaldomagalhaes<\/p>\n","protected":false},"excerpt":{"rendered":"<p>Em opera\u00e7\u00e3o no condom\u00ednio Vila das Mangueiras, em Santana, Jaboat\u00e3o dos Guararapes, que mobilizou o servi\u00e7o de Intelig\u00eancia e equipes&hellip;<\/p>\n","protected":false},"author":1,"featured_media":119822,"comment_status":"closed","ping_status":"open","sticky":false,"template":"","format":"standard","meta":{"footnotes":""},"categories":[14121],"tags":[27410,2,28801,33688],"class_list":["post-119821","post","type-post","status-publish","format-standard","has-post-thumbnail","hentry","category-policial","tag-blog-de-caruaru","tag-blog-do-edvaldo-magalhaes","tag-blog-mais-acessado","tag-trio-de-alta-periculosidade-e-capturado-pela-pm"],"_links":{"self":[{"href":"https:\/\/blogdoedvaldomagalhaes.com.br\/index.php\/wp-json\/wp\/v2\/posts\/119821","targetHints":{"allow":["GET"]}}],"collection":[{"href":"https:\/\/blogdoedvaldomagalhaes.com.br\/index.php\/wp-json\/wp\/v2\/posts"}],"about":[{"href":"https:\/\/blogdoedvaldomagalhaes.com.br\/index.php\/wp-json\/wp\/v2\/types\/post"}],"author":[{"embeddable":true,"href":"https:\/\/blogdoedvaldomagalhaes.com.br\/index.php\/wp-json\/wp\/v2\/users\/1"}],"replies":[{"embeddable":true,"href":"https:\/\/blogdoedvaldomagalhaes.com.br\/index.php\/wp-json\/wp\/v2\/comments?post=119821"}],"version-history":[{"count":1,"href":"https:\/\/blogdoedvaldomagalhaes.com.br\/index.php\/wp-json\/wp\/v2\/posts\/119821\/revisions"}],"predecessor-version":[{"id":119823,"href":"https:\/\/blogdoedvaldomagalhaes.com.br\/index.php\/wp-json\/wp\/v2\/posts\/119821\/revisions\/119823"}],"wp:featuredmedia":[{"embeddable":true,"href":"https:\/\/blogdoedvaldomagalhaes.com.br\/index.php\/wp-json\/wp\/v2\/media\/119822"}],"wp:attachment":[{"href":"https:\/\/blogdoedvaldomagalhaes.com.br\/index.php\/wp-json\/wp\/v2\/media?parent=119821"}],"wp:term":[{"taxonomy":"category","embeddable":true,"href":"https:\/\/blogdoedvaldomagalhaes.com.br\/index.php\/wp-json\/wp\/v2\/categories?post=119821"},{"taxonomy":"post_tag","embeddable":true,"href":"https:\/\/blogdoedvaldomagalhaes.com.br\/index.php\/wp-json\/wp\/v2\/tags?post=119821"}],"curies":[{"name":"wp","href":"https:\/\/api.w.org\/{rel}","templated":true}]}}