{"id":119817,"date":"2025-05-25T18:00:22","date_gmt":"2025-05-25T21:00:22","guid":{"rendered":"https:\/\/blogdoedvaldomagalhaes.com.br\/?p=119817"},"modified":"2025-05-25T18:00:22","modified_gmt":"2025-05-25T21:00:22","slug":"prefeito-rodrigo-pinheiro-realiza-entrega-da-estrada-da-vila-pau-santo","status":"publish","type":"post","link":"https:\/\/blogdoedvaldomagalhaes.com.br\/index.php\/2025\/05\/25\/prefeito-rodrigo-pinheiro-realiza-entrega-da-estrada-da-vila-pau-santo\/","title":{"rendered":"Prefeito Rodrigo Pinheiro realiza entrega da estrada da vila Pau Santo"},"content":{"rendered":"<p>Foi em clima de muita alegria, durante o S\u00e3o Jo\u00e3o na Ro\u00e7a, neste s\u00e1bado (24), no S\u00edtio Pau Santo, que o prefeito de Caruaru, Rodrigo Pinheiro, realizou a entrega da obra de pavimenta\u00e7\u00e3o da estrada que d\u00e1 acesso ao local. O ato aconteceu, sem a menor cerim\u00f4nia, durante o festejo da noite, no caminh\u00e3o-palco por onde passaram as atra\u00e7\u00f5es musicais. <\/p>\n<p>O chefe do executivo municipal desferiu a placa, ladeado pela vice-prefeita, Dayse Silva, pelo deputado federal, Fernando Monteiro, e tamb\u00e9m por secret\u00e1rios municipais e vereadores, incluindo o autor da propositura, o ex-vereador Izaac da Sa\u00fade. <\/p>\n<p>\u201c\u00c9 com muita alegria que a gente realiza a entrega dessa obra, um anseio da comunidade, que ir\u00e1 facilitar o acesso dos moradores ao sistema vi\u00e1rio principal, assim como o escoamento da produ\u00e7\u00e3o dos agricultores da regi\u00e3o. Um investimento estrat\u00e9gico, que reafirma o compromisso da gest\u00e3o municipal com o desenvolvimento sustent\u00e1vel, promovendo a integra\u00e7\u00e3o e fortalecendo o progresso na zona rural de Caruaru\u201d, enfatizou Rodrigo.<\/p>\n<p>A obra realizada pela Prefeitura de Caruaru, por meio da Secretaria de Infraestrutura Urbana e Obras (Siurb), inclui pavimenta\u00e7\u00e3o asf\u00e1ltica, drenagem e sinaliza\u00e7\u00e3o, ligando a BR-232 ao povoado de Pau Santo, que fica no 1\u00ba Distrito Rural do munic\u00edpio, totalizando 7 km de extens\u00e3o. O projeto buscou integrar a zona rural ao sistema vi\u00e1rio principal, favorecendo o acesso a servi\u00e7os essenciais como sa\u00fade, educa\u00e7\u00e3o e seguran\u00e7a, al\u00e9m de impulsionar a economia local. O investimento foi de R$ 11.279.379,69.<\/p>\n<p>Para o morador Wellington Borba, padeiro h\u00e1 29 anos no local, foi uma celebra\u00e7\u00e3o. \u201cH\u00e1 muitos anos que a gente esperava por essa estrada. Foi uma maravilha para n\u00f3s aqui da zona rural. Eu sou padeiro, e j\u00e1 essa semana vou passar a receber a mercadoria aqui na porta, com o carro do fornecedor trazendo aqui a farinha\u201d, comemorou. <\/p>\n<p> \u201c\u00c9 uma obra que traz infraestrutura completa, resolve problemas hist\u00f3ricos, oferece mais seguran\u00e7a e organiza\u00e7\u00e3o, beneficiando os condutores que utilizam a rodovia, melhorando a qualidade de vida de quem mora no local\u201d, destacou o secret\u00e1rio da Siurb, Andrews Melo.<br \/>\nSeja seguidor do Instagram do Blog pelo @blogdoedvaldomagalhaes<br \/>\nFoto: Elvis Edson\/Secom \/PMC<\/p>\n","protected":false},"excerpt":{"rendered":"<p>Foi em clima de muita alegria, durante o S\u00e3o Jo\u00e3o na Ro\u00e7a, neste s\u00e1bado (24), no S\u00edtio Pau Santo, que&hellip;<\/p>\n","protected":false},"author":1,"featured_media":119818,"comment_status":"closed","ping_status":"open","sticky":false,"template":"","format":"standard","meta":{"footnotes":""},"categories":[14120],"tags":[30592,27410,13146,28801,33687],"class_list":["post-119817","post","type-post","status-publish","format-standard","has-post-thumbnail","hentry","category-noticias","tag-blog-com-mais-seguidores","tag-blog-de-caruaru","tag-blog-edvaldo-magalhaes","tag-blog-mais-acessado","tag-prefeito-rodrigo-pinheiro-realiza-entrega-da-estrada-do-sitio-pau-santo"],"_links":{"self":[{"href":"https:\/\/blogdoedvaldomagalhaes.com.br\/index.php\/wp-json\/wp\/v2\/posts\/119817","targetHints":{"allow":["GET"]}}],"collection":[{"href":"https:\/\/blogdoedvaldomagalhaes.com.br\/index.php\/wp-json\/wp\/v2\/posts"}],"about":[{"href":"https:\/\/blogdoedvaldomagalhaes.com.br\/index.php\/wp-json\/wp\/v2\/types\/post"}],"author":[{"embeddable":true,"href":"https:\/\/blogdoedvaldomagalhaes.com.br\/index.php\/wp-json\/wp\/v2\/users\/1"}],"replies":[{"embeddable":true,"href":"https:\/\/blogdoedvaldomagalhaes.com.br\/index.php\/wp-json\/wp\/v2\/comments?post=119817"}],"version-history":[{"count":1,"href":"https:\/\/blogdoedvaldomagalhaes.com.br\/index.php\/wp-json\/wp\/v2\/posts\/119817\/revisions"}],"predecessor-version":[{"id":119819,"href":"https:\/\/blogdoedvaldomagalhaes.com.br\/index.php\/wp-json\/wp\/v2\/posts\/119817\/revisions\/119819"}],"wp:featuredmedia":[{"embeddable":true,"href":"https:\/\/blogdoedvaldomagalhaes.com.br\/index.php\/wp-json\/wp\/v2\/media\/119818"}],"wp:attachment":[{"href":"https:\/\/blogdoedvaldomagalhaes.com.br\/index.php\/wp-json\/wp\/v2\/media?parent=119817"}],"wp:term":[{"taxonomy":"category","embeddable":true,"href":"https:\/\/blogdoedvaldomagalhaes.com.br\/index.php\/wp-json\/wp\/v2\/categories?post=119817"},{"taxonomy":"post_tag","embeddable":true,"href":"https:\/\/blogdoedvaldomagalhaes.com.br\/index.php\/wp-json\/wp\/v2\/tags?post=119817"}],"curies":[{"name":"wp","href":"https:\/\/api.w.org\/{rel}","templated":true}]}}