{"id":119814,"date":"2025-05-25T11:54:18","date_gmt":"2025-05-25T14:54:18","guid":{"rendered":"https:\/\/blogdoedvaldomagalhaes.com.br\/?p=119814"},"modified":"2025-05-25T11:54:18","modified_gmt":"2025-05-25T14:54:18","slug":"assaltantes-sao-presos-com-armas-e-moto-roubada-e-recuperada","status":"publish","type":"post","link":"https:\/\/blogdoedvaldomagalhaes.com.br\/index.php\/2025\/05\/25\/assaltantes-sao-presos-com-armas-e-moto-roubada-e-recuperada\/","title":{"rendered":"Assaltantes s\u00e3o presos com armas, e moto roubada \u00e9 recuperada"},"content":{"rendered":"<p>Nesse s\u00e1bado (24\/05), policiais militares do  11\u00ba BPM, prenderam dois indiv\u00edduos, com duas armas de fogo e uma motocicleta com queixa de roubo e placa clonada, na comunidade do Bomba do Hemet\u00e9rio.<\/p>\n<p>A equipe policial recebeu informa\u00e7\u00f5es sobre um suspeito que estaria utilizando uma motocicleta roubada para cometer assaltos. Ap\u00f3s consulta ao servi\u00e7o de intelig\u00eancia da PM, os militares confirmaram a clonagem da placa e montaram uma campana no local informado. Durante a abordagem, o condutor confessou a clonagem e indicou o paradeiro de uma arma utilizada nas a\u00e7\u00f5es criminosas, na casa de outro indiv\u00edduo.<\/p>\n<p>Com apoio de outras equipes do batalh\u00e3o, os policiais deslocaram-se e localizaram duas armas de fogo, uma espingarda calibre 12 de fabrica\u00e7\u00e3o caseira e um rev\u00f3lver calibre .38, al\u00e9m de muni\u00e7\u00f5es intactas, com o outro suspeito que tamb\u00e9m foi detido. Todo o material, junto com os envolvidos, foi encaminhado \u00e0 CEPLANC para os procedimentos legais. Foto: Divulga\u00e7\u00e3o\/PMPE<br \/>\nSiga o Instagram do Blog pelo @blogdoedvaldomagalhaes<\/p>\n","protected":false},"excerpt":{"rendered":"<p>Nesse s\u00e1bado (24\/05), policiais militares do 11\u00ba BPM, prenderam dois indiv\u00edduos, com duas armas de fogo e uma motocicleta com&hellip;<\/p>\n","protected":false},"author":1,"featured_media":119815,"comment_status":"closed","ping_status":"open","sticky":false,"template":"","format":"standard","meta":{"footnotes":""},"categories":[14121],"tags":[33686,29440,13146],"class_list":["post-119814","post","type-post","status-publish","format-standard","has-post-thumbnail","hentry","category-policial","tag-assaltantes-sao-presos-com-armas-e-moto-roubada","tag-blog-com-mais-visualizacao","tag-blog-edvaldo-magalhaes"],"_links":{"self":[{"href":"https:\/\/blogdoedvaldomagalhaes.com.br\/index.php\/wp-json\/wp\/v2\/posts\/119814","targetHints":{"allow":["GET"]}}],"collection":[{"href":"https:\/\/blogdoedvaldomagalhaes.com.br\/index.php\/wp-json\/wp\/v2\/posts"}],"about":[{"href":"https:\/\/blogdoedvaldomagalhaes.com.br\/index.php\/wp-json\/wp\/v2\/types\/post"}],"author":[{"embeddable":true,"href":"https:\/\/blogdoedvaldomagalhaes.com.br\/index.php\/wp-json\/wp\/v2\/users\/1"}],"replies":[{"embeddable":true,"href":"https:\/\/blogdoedvaldomagalhaes.com.br\/index.php\/wp-json\/wp\/v2\/comments?post=119814"}],"version-history":[{"count":1,"href":"https:\/\/blogdoedvaldomagalhaes.com.br\/index.php\/wp-json\/wp\/v2\/posts\/119814\/revisions"}],"predecessor-version":[{"id":119816,"href":"https:\/\/blogdoedvaldomagalhaes.com.br\/index.php\/wp-json\/wp\/v2\/posts\/119814\/revisions\/119816"}],"wp:featuredmedia":[{"embeddable":true,"href":"https:\/\/blogdoedvaldomagalhaes.com.br\/index.php\/wp-json\/wp\/v2\/media\/119815"}],"wp:attachment":[{"href":"https:\/\/blogdoedvaldomagalhaes.com.br\/index.php\/wp-json\/wp\/v2\/media?parent=119814"}],"wp:term":[{"taxonomy":"category","embeddable":true,"href":"https:\/\/blogdoedvaldomagalhaes.com.br\/index.php\/wp-json\/wp\/v2\/categories?post=119814"},{"taxonomy":"post_tag","embeddable":true,"href":"https:\/\/blogdoedvaldomagalhaes.com.br\/index.php\/wp-json\/wp\/v2\/tags?post=119814"}],"curies":[{"name":"wp","href":"https:\/\/api.w.org\/{rel}","templated":true}]}}