{"id":119811,"date":"2025-05-25T10:43:16","date_gmt":"2025-05-25T13:43:16","guid":{"rendered":"https:\/\/blogdoedvaldomagalhaes.com.br\/?p=119811"},"modified":"2025-05-25T10:43:16","modified_gmt":"2025-05-25T13:43:16","slug":"psol-pernambuco-define-ivan-moraes-como-pre-candidato-a-governador-em-2026","status":"publish","type":"post","link":"https:\/\/blogdoedvaldomagalhaes.com.br\/index.php\/2025\/05\/25\/psol-pernambuco-define-ivan-moraes-como-pre-candidato-a-governador-em-2026\/","title":{"rendered":"PSOL Pernambuco define Ivan Moraes como pr\u00e9-candidato a governador em 2026"},"content":{"rendered":"<p>PSOL Pernambuco define Ivan Moraes como pr\u00e9-candidato a governador em 2026<br \/>\n_Pr\u00e9-candidatura representa unidade do partido no estado_<\/p>\n<p>O Diret\u00f3rio Estadual do Partido Socialismo e Liberdade (PSOL) em Pernambuco escolheu o nome do jornalista Ivan Moraes como pr\u00e9-candidato ao governo do estado para 2026. A delibera\u00e7\u00e3o foi realizada na manh\u00e3 deste s\u00e1bado (24), na Casa Marielle Franco, sede do partido.<\/p>\n<p>O presidente estadual do PSOL, Samuel Herculano, destacou que a escolha de Ivan demonstra a unidade do partido em Pernambuco. \u201cSa\u00edmos da reuni\u00e3o com a unidade constru\u00edda para enfrentar os desafios que se apresentam na conjuntura. A pr\u00e9-candidatura de Ivan Moraes representa a comunh\u00e3o do nosso partido no enfrentamento \u00e0 polariza\u00e7\u00e3o e \u00e0 extrema-direita\u201d, defendeu.<\/p>\n<p>O pr\u00e9-candidato ao governo de Pernambuco Ivan Moraes, ap\u00f3s a delibera\u00e7\u00e3o, agradeceu a confian\u00e7a do diret\u00f3rio e refor\u00e7ou que o partido vive um momento de unidade. Ele tamb\u00e9m j\u00e1 indicou o horizonte que vai apontar no discurso para a disputa.<\/p>\n<p>&#8220;As pessoas querem sonhar, querem pensar para frente, querem acreditar que pode ser melhor. Ent\u00e3o, n\u00f3s somos contra a privatiza\u00e7\u00e3o da Compesa, n\u00f3s somos contra a escala seis por um, n\u00f3s somos contra as privatiza\u00e7\u00f5es dos parques, n\u00f3s somos contra muita coisa. Mas, nessa campanha a gente vai precisar se lembrar do que a gente \u00e9 a favor. Nessa campanha, a gente vai precisar dizer que \u00e9 poss\u00edvel e ousado propor para esse estado coisas que s\u00e3o reais hoje&#8221;, defendeu o pr\u00e9-candidato ao governo.<\/p>\n<p>Ele deu o exemplo de que \u00e9 poss\u00edvel defender que toda a compostagem do estado seja direcionada para produzir combust\u00edvel, mencionando a\u00e7\u00f5es de outros pa\u00edses no mundo.<\/p>\n<p>*Quem \u00e9 Ivan Moraes*<\/p>\n<p>Ivan Moraes \u00e9 pai, escritor, jornalista, militante de in\u00fameras pautas da esquerda\u00a0 e mestre em Comunica\u00e7\u00e3o pela UFPE. Ele tamb\u00e9m \u00e9 cocriador, diretor e apresentador do programa &#8216;P\u00e9 Na Rua&#8217;, que est\u00e1 na sexta temporada e j\u00e1 gravou em mais de 100 munic\u00edpios de Pernambuco. Foi vereador do Recife pelo PSOL, por dois mandatos, de 2017 a 2025.<\/p>\n<p>Com um mandato fruto de diversas lutas, direito \u00e0 comunica\u00e7\u00e3o, direitos humanos, pauta ambiental e contra a especula\u00e7\u00e3o imobili\u00e1ria, Ivan Moraes levou para dentro da C\u00e2mara a presen\u00e7a dos movimentos sociais.\u00a0<\/p>\n<p>Com a proposta de levar o legislativo para os territ\u00f3rios da cidade, apresentou 72 projetos de lei, tendo 15 projetos aprovados. Dentre eles, a lei que pro\u00edbe a dupla fun\u00e7\u00e3o motorista\/cobrador e a que obriga shopping centers a terem frald\u00e1rios acess\u00edveis para homens e mulheres.<\/p>\n<p>Umas das marcas do Mandato, Ivan, durante oito anos, subia semanalmente em \u00f4nibus da cidade para prestar contas \u00e0 popula\u00e7\u00e3o sobre sua atua\u00e7\u00e3o na C\u00e2mara. Para ele, o Mandato era tamb\u00e9m um espa\u00e7o de aprendizado e de constru\u00e7\u00e3o do sonho de radicalizar a democracia com amor e afeto, fortalecendo a sociedade.<\/p>\n<p>Ele v\u00ea na pol\u00edtica institucional um espa\u00e7o de ampliar sua contribui\u00e7\u00e3o para as transforma\u00e7\u00f5es sociais e tamb\u00e9m a oportunidade de dialogar com mais pessoas, sempre com afeto, carinho, amor e paci\u00eancia, e tamb\u00e9m com cora\u00e7\u00e3o e mente abertos para a escuta. Foto: Anderson Stevens<br \/>\nSeja seguidor do Instagram do Blog pelo @blogdoedvaldomagalhaes<\/p>\n","protected":false},"excerpt":{"rendered":"<p>PSOL Pernambuco define Ivan Moraes como pr\u00e9-candidato a governador em 2026 _Pr\u00e9-candidatura representa unidade do partido no estado_ O Diret\u00f3rio&hellip;<\/p>\n","protected":false},"author":1,"featured_media":119812,"comment_status":"closed","ping_status":"open","sticky":false,"template":"","format":"standard","meta":{"footnotes":""},"categories":[14122],"tags":[28803,27410,2,28801,20,33685],"class_list":["post-119811","post","type-post","status-publish","format-standard","has-post-thumbnail","hentry","category-politica","tag-blog-com-mais-visualizacoes","tag-blog-de-caruaru","tag-blog-do-edvaldo-magalhaes","tag-blog-mais-acessado","tag-politica","tag-psol-pernambuco-define-ivan-moraes-como-pre-candidato-a-governador-em-2026"],"_links":{"self":[{"href":"https:\/\/blogdoedvaldomagalhaes.com.br\/index.php\/wp-json\/wp\/v2\/posts\/119811","targetHints":{"allow":["GET"]}}],"collection":[{"href":"https:\/\/blogdoedvaldomagalhaes.com.br\/index.php\/wp-json\/wp\/v2\/posts"}],"about":[{"href":"https:\/\/blogdoedvaldomagalhaes.com.br\/index.php\/wp-json\/wp\/v2\/types\/post"}],"author":[{"embeddable":true,"href":"https:\/\/blogdoedvaldomagalhaes.com.br\/index.php\/wp-json\/wp\/v2\/users\/1"}],"replies":[{"embeddable":true,"href":"https:\/\/blogdoedvaldomagalhaes.com.br\/index.php\/wp-json\/wp\/v2\/comments?post=119811"}],"version-history":[{"count":1,"href":"https:\/\/blogdoedvaldomagalhaes.com.br\/index.php\/wp-json\/wp\/v2\/posts\/119811\/revisions"}],"predecessor-version":[{"id":119813,"href":"https:\/\/blogdoedvaldomagalhaes.com.br\/index.php\/wp-json\/wp\/v2\/posts\/119811\/revisions\/119813"}],"wp:featuredmedia":[{"embeddable":true,"href":"https:\/\/blogdoedvaldomagalhaes.com.br\/index.php\/wp-json\/wp\/v2\/media\/119812"}],"wp:attachment":[{"href":"https:\/\/blogdoedvaldomagalhaes.com.br\/index.php\/wp-json\/wp\/v2\/media?parent=119811"}],"wp:term":[{"taxonomy":"category","embeddable":true,"href":"https:\/\/blogdoedvaldomagalhaes.com.br\/index.php\/wp-json\/wp\/v2\/categories?post=119811"},{"taxonomy":"post_tag","embeddable":true,"href":"https:\/\/blogdoedvaldomagalhaes.com.br\/index.php\/wp-json\/wp\/v2\/tags?post=119811"}],"curies":[{"name":"wp","href":"https:\/\/api.w.org\/{rel}","templated":true}]}}