{"id":119806,"date":"2025-05-24T12:40:01","date_gmt":"2025-05-24T15:40:01","guid":{"rendered":"https:\/\/blogdoedvaldomagalhaes.com.br\/?p=119806"},"modified":"2025-05-24T12:50:51","modified_gmt":"2025-05-24T15:50:51","slug":"idoso-morre-apos-ser-atropelado-por-ambulancia-na-br-104","status":"publish","type":"post","link":"https:\/\/blogdoedvaldomagalhaes.com.br\/index.php\/2025\/05\/24\/idoso-morre-apos-ser-atropelado-por-ambulancia-na-br-104\/","title":{"rendered":"Idoso morre, ap\u00f3s ser atropelado por ambul\u00e2ncia, na BR 104"},"content":{"rendered":"<p>O sinistro ocoreu por volta das 19h10, dessa sexta-feira (23.05), no Km 87 da BR 104, em Agrestina.<\/p>\n<p>A PRF suspeita que um ciclista, Agenor de Souza Paula, de 69 anos, estava atravessando a rodovia, quando foi atropelado por uma ambul\u00e2ncia.<\/p>\n<p>O ciclista ficou ferido e foi encaminhado para o Hospital de Agrestina. Posteriormente, a equipe recebeu a informa\u00e7\u00e3o de que ele faleceu.<\/p>\n<p>O ve\u00edculo pertence \u00e0 prefeitura de Jurema, tamb\u00e9m no Agreste, o motorista da ambul\u00e2ncia n\u00e3o ficou ferido. Ele realizou o teste do baf\u00f4metro e o resultado foi normal.<br \/>\nSeja seguidor do Instagram do Blog pelo @blogdoedvaldomagalhaes<\/p>\n","protected":false},"excerpt":{"rendered":"<p>O sinistro ocoreu por volta das 19h10, dessa sexta-feira (23.05), no Km 87 da BR 104, em Agrestina. A PRF&hellip;<\/p>\n","protected":false},"author":1,"featured_media":119807,"comment_status":"closed","ping_status":"open","sticky":false,"template":"","format":"standard","meta":{"footnotes":""},"categories":[14120],"tags":[14276,30592,27410,2,28801,33684],"class_list":["post-119806","post","type-post","status-publish","format-standard","has-post-thumbnail","hentry","category-noticias","tag-acidente","tag-blog-com-mais-seguidores","tag-blog-de-caruaru","tag-blog-do-edvaldo-magalhaes","tag-blog-mais-acessado","tag-idoso-morre-apos-ser-atropelado-por-ambulancia-na-br-104"],"_links":{"self":[{"href":"https:\/\/blogdoedvaldomagalhaes.com.br\/index.php\/wp-json\/wp\/v2\/posts\/119806","targetHints":{"allow":["GET"]}}],"collection":[{"href":"https:\/\/blogdoedvaldomagalhaes.com.br\/index.php\/wp-json\/wp\/v2\/posts"}],"about":[{"href":"https:\/\/blogdoedvaldomagalhaes.com.br\/index.php\/wp-json\/wp\/v2\/types\/post"}],"author":[{"embeddable":true,"href":"https:\/\/blogdoedvaldomagalhaes.com.br\/index.php\/wp-json\/wp\/v2\/users\/1"}],"replies":[{"embeddable":true,"href":"https:\/\/blogdoedvaldomagalhaes.com.br\/index.php\/wp-json\/wp\/v2\/comments?post=119806"}],"version-history":[{"count":3,"href":"https:\/\/blogdoedvaldomagalhaes.com.br\/index.php\/wp-json\/wp\/v2\/posts\/119806\/revisions"}],"predecessor-version":[{"id":119810,"href":"https:\/\/blogdoedvaldomagalhaes.com.br\/index.php\/wp-json\/wp\/v2\/posts\/119806\/revisions\/119810"}],"wp:featuredmedia":[{"embeddable":true,"href":"https:\/\/blogdoedvaldomagalhaes.com.br\/index.php\/wp-json\/wp\/v2\/media\/119807"}],"wp:attachment":[{"href":"https:\/\/blogdoedvaldomagalhaes.com.br\/index.php\/wp-json\/wp\/v2\/media?parent=119806"}],"wp:term":[{"taxonomy":"category","embeddable":true,"href":"https:\/\/blogdoedvaldomagalhaes.com.br\/index.php\/wp-json\/wp\/v2\/categories?post=119806"},{"taxonomy":"post_tag","embeddable":true,"href":"https:\/\/blogdoedvaldomagalhaes.com.br\/index.php\/wp-json\/wp\/v2\/tags?post=119806"}],"curies":[{"name":"wp","href":"https:\/\/api.w.org\/{rel}","templated":true}]}}