{"id":119801,"date":"2025-05-24T09:29:20","date_gmt":"2025-05-24T12:29:20","guid":{"rendered":"https:\/\/blogdoedvaldomagalhaes.com.br\/?p=119801"},"modified":"2025-05-24T09:36:23","modified_gmt":"2025-05-24T12:36:23","slug":"festa-do-maior-baiao-de-dois-do-mundo-sera-realizada-em-caruaru-neste-sabado-24","status":"publish","type":"post","link":"https:\/\/blogdoedvaldomagalhaes.com.br\/index.php\/2025\/05\/24\/festa-do-maior-baiao-de-dois-do-mundo-sera-realizada-em-caruaru-neste-sabado-24\/","title":{"rendered":"Festa do &#8216;Maior Bai\u00e3o de Dois do Mundo\u2019 ser\u00e1 realizada em Caruaru, neste s\u00e1bado (24)"},"content":{"rendered":"<p>O S\u00e3o Jo\u00e3o de Caruaru \u00e9 conhecido como o maior e o melhor do mundo, e gera um grande impacto econ\u00f4mico na regi\u00e3o, com gera\u00e7\u00e3o de empregos e receita para o com\u00e9rcio. A festa junina de Caruaru \u00e9 um ponto tur\u00edstico importante do estado de Pernambuco. E \u00e0s comidas gigantes s\u00e3o grandes atra\u00e7\u00f5es do per\u00edodo junino. Neste s\u00e1bado ser\u00e1 realizada a segunda edi\u00e7\u00e3o da festa do maior bai\u00e3o de dois do mundo. A promovida por Harry Starko com apoio de Karla Fortunato.<\/p>\n<p>A segunda edi\u00e7\u00e3o da festa do Maior Bai\u00e3o de Dois do Mundo, ser\u00e1 realizada neste s\u00e1bado (24.05), a partir das 17h, na pra\u00e7a Santa Clara, no bairro Mauricio de Nassau.<br \/>\nSiga o Instagram do Blog pelo @blogdoedvaldomagalhaes<\/p>\n","protected":false},"excerpt":{"rendered":"<p>O S\u00e3o Jo\u00e3o de Caruaru \u00e9 conhecido como o maior e o melhor do mundo, e gera um grande impacto&hellip;<\/p>\n","protected":false},"author":1,"featured_media":119802,"comment_status":"closed","ping_status":"open","sticky":false,"template":"","format":"standard","meta":{"footnotes":""},"categories":[14120],"tags":[30592,27410,2,28801,13904,6758],"class_list":["post-119801","post","type-post","status-publish","format-standard","has-post-thumbnail","hentry","category-noticias","tag-blog-com-mais-seguidores","tag-blog-de-caruaru","tag-blog-do-edvaldo-magalhaes","tag-blog-mais-acessado","tag-comidas-gigantes","tag-sao-joao"],"_links":{"self":[{"href":"https:\/\/blogdoedvaldomagalhaes.com.br\/index.php\/wp-json\/wp\/v2\/posts\/119801","targetHints":{"allow":["GET"]}}],"collection":[{"href":"https:\/\/blogdoedvaldomagalhaes.com.br\/index.php\/wp-json\/wp\/v2\/posts"}],"about":[{"href":"https:\/\/blogdoedvaldomagalhaes.com.br\/index.php\/wp-json\/wp\/v2\/types\/post"}],"author":[{"embeddable":true,"href":"https:\/\/blogdoedvaldomagalhaes.com.br\/index.php\/wp-json\/wp\/v2\/users\/1"}],"replies":[{"embeddable":true,"href":"https:\/\/blogdoedvaldomagalhaes.com.br\/index.php\/wp-json\/wp\/v2\/comments?post=119801"}],"version-history":[{"count":2,"href":"https:\/\/blogdoedvaldomagalhaes.com.br\/index.php\/wp-json\/wp\/v2\/posts\/119801\/revisions"}],"predecessor-version":[{"id":119805,"href":"https:\/\/blogdoedvaldomagalhaes.com.br\/index.php\/wp-json\/wp\/v2\/posts\/119801\/revisions\/119805"}],"wp:featuredmedia":[{"embeddable":true,"href":"https:\/\/blogdoedvaldomagalhaes.com.br\/index.php\/wp-json\/wp\/v2\/media\/119802"}],"wp:attachment":[{"href":"https:\/\/blogdoedvaldomagalhaes.com.br\/index.php\/wp-json\/wp\/v2\/media?parent=119801"}],"wp:term":[{"taxonomy":"category","embeddable":true,"href":"https:\/\/blogdoedvaldomagalhaes.com.br\/index.php\/wp-json\/wp\/v2\/categories?post=119801"},{"taxonomy":"post_tag","embeddable":true,"href":"https:\/\/blogdoedvaldomagalhaes.com.br\/index.php\/wp-json\/wp\/v2\/tags?post=119801"}],"curies":[{"name":"wp","href":"https:\/\/api.w.org\/{rel}","templated":true}]}}