{"id":1198,"date":"2018-09-27T15:20:00","date_gmt":"2018-09-27T18:20:00","guid":{"rendered":"http:\/\/blogdoedvaldomagalhaes.com.br\/index.php\/2018\/09\/27\/associacao-esportiva-caruaru-enfrenta\/"},"modified":"2019-02-09T02:32:40","modified_gmt":"2019-02-09T04:32:40","slug":"associacao-esportiva-caruaru-enfrenta","status":"publish","type":"post","link":"https:\/\/blogdoedvaldomagalhaes.com.br\/index.php\/2018\/09\/27\/associacao-esportiva-caruaru-enfrenta\/","title":{"rendered":"Associa\u00e7\u00e3o Esportiva Caruaru enfrenta Bom Jardim hoje no Gin\u00e1sio do Sesc"},"content":{"rendered":"<div class=\"separator\" style=\"clear: both; text-align: center;\">\n<a href=\"https:\/\/1.bp.blogspot.com\/-1IWDwPatU68\/W6z1AjFs8GI\/AAAAAAAA6vY\/ZVnTiuieWeEs6cpdjHOV-6ArLkJA32g1gCLcBGAs\/s1600\/sesc.jpg\" imageanchor=\"1\" style=\"margin-left: 1em; margin-right: 1em;\"><img loading=\"lazy\" decoding=\"async\" border=\"0\" data-original-height=\"1024\" data-original-width=\"820\" height=\"640\" src=\"http:\/\/blogdoedvaldomagalhaes.com.br\/wp-content\/uploads\/2018\/09\/sesc-3.jpg\" width=\"512\" \/><\/a><\/div>\n<p><\/p>\n<div style=\"background-color: white; border: 0px; margin-bottom: 1.5em; outline: 0px; padding: 0px; text-align: justify; vertical-align: baseline;\">\nA Asec volta a jogar, nesta quinta-feita (27), pela quinta rodada do Campeonato Pernambucano de Futsal. O duelo vai ocorrer no Sesc Caruaru, \u00e0s 20h, pelo returno contra a equipe de Bom Jardim.<\/div>\n<div style=\"background-color: white; border: 0px; margin-bottom: 1.5em; outline: 0px; padding: 0px; text-align: justify; vertical-align: baseline;\">\nNo primeiro encontro entre os times a Asec levou a melhor jogando fora de casa e venceu o advers\u00e1rio por 2 a 1.<\/div>\n<div class=\"google-auto-placed ap_container\" style=\"background-color: white; border: 0px; clear: none; height: auto; margin: 0px; outline: 0px; padding: 0px; text-align: center; vertical-align: baseline; width: 598.234px;\">\n<ins class=\"adsbygoogle adsbygoogle-noablate\" data-ad-client=\"ca-pub-5266789576615095\" data-ad-format=\"auto\" data-adsbygoogle-status=\"done\" style=\"background: transparent; border: 0px; display: block; font-style: inherit; font-weight: inherit; margin: auto; outline: 0px; padding: 0px; vertical-align: baseline;\"><ins id=\"aswift_2_expand\" style=\"background: transparent; border: none; display: inline-table; font-style: inherit; font-weight: inherit; height: 0px; margin: 0px; outline: 0px; padding: 0px; position: relative; vertical-align: baseline; visibility: visible; width: 598px;\"><ins id=\"aswift_2_anchor\" style=\"background: transparent; border: none; display: block; font-style: inherit; font-weight: inherit; height: 0px; margin: 0px; opacity: 0; outline: 0px; overflow: hidden; padding: 0px; position: relative; vertical-align: baseline; visibility: visible; width: 598px;\"><iframe allowfullscreen=\"true\" allowtransparency=\"true\" frameborder=\"0\" height=\"150\" hspace=\"0\" id=\"aswift_2\" marginheight=\"0\" marginwidth=\"0\" name=\"aswift_2\" scrolling=\"no\" style=\"border-style: initial; border-width: 0px; font-style: inherit; font-weight: inherit; height: 150px; left: 0px; margin: 0px; max-width: 100%; outline: 0px; padding: 0px; position: absolute; text-align: justify; top: 0px; vertical-align: baseline; width: 598px;\" vspace=\"0\" width=\"598\"><\/iframe><\/ins><\/ins><\/ins><\/div>\n<div style=\"background-color: white; border: 0px; outline: 0px; padding: 0px; text-align: justify; vertical-align: baseline;\">\nA equipe caruaruense soma atualmente no Estadual sete pontos, sendo duas vit\u00f3rias, uma derrota e empate. O valor do ingresso para assistir a partida ser\u00e1 de cinco reais.<\/div>\n","protected":false},"excerpt":{"rendered":"<p>A Asec volta a jogar, nesta quinta-feita (27), pela quinta rodada do Campeonato Pernambucano de Futsal. O duelo vai ocorrer&hellip;<\/p>\n","protected":false},"author":1,"featured_media":0,"comment_status":"open","ping_status":"open","sticky":false,"template":"","format":"standard","meta":{"footnotes":""},"categories":[1],"tags":[1157,2,3],"class_list":["post-1198","post","type-post","status-publish","format-standard","hentry","category-sem-categoria","tag-associacao-esportiva-caruaru-enfrenta-bom-jardim-hoje-no-ginasio-do-sesc","tag-blog-do-edvaldo-magalhaes","tag-futebol"],"_links":{"self":[{"href":"https:\/\/blogdoedvaldomagalhaes.com.br\/index.php\/wp-json\/wp\/v2\/posts\/1198","targetHints":{"allow":["GET"]}}],"collection":[{"href":"https:\/\/blogdoedvaldomagalhaes.com.br\/index.php\/wp-json\/wp\/v2\/posts"}],"about":[{"href":"https:\/\/blogdoedvaldomagalhaes.com.br\/index.php\/wp-json\/wp\/v2\/types\/post"}],"author":[{"embeddable":true,"href":"https:\/\/blogdoedvaldomagalhaes.com.br\/index.php\/wp-json\/wp\/v2\/users\/1"}],"replies":[{"embeddable":true,"href":"https:\/\/blogdoedvaldomagalhaes.com.br\/index.php\/wp-json\/wp\/v2\/comments?post=1198"}],"version-history":[{"count":1,"href":"https:\/\/blogdoedvaldomagalhaes.com.br\/index.php\/wp-json\/wp\/v2\/posts\/1198\/revisions"}],"predecessor-version":[{"id":34406,"href":"https:\/\/blogdoedvaldomagalhaes.com.br\/index.php\/wp-json\/wp\/v2\/posts\/1198\/revisions\/34406"}],"wp:attachment":[{"href":"https:\/\/blogdoedvaldomagalhaes.com.br\/index.php\/wp-json\/wp\/v2\/media?parent=1198"}],"wp:term":[{"taxonomy":"category","embeddable":true,"href":"https:\/\/blogdoedvaldomagalhaes.com.br\/index.php\/wp-json\/wp\/v2\/categories?post=1198"},{"taxonomy":"post_tag","embeddable":true,"href":"https:\/\/blogdoedvaldomagalhaes.com.br\/index.php\/wp-json\/wp\/v2\/tags?post=1198"}],"curies":[{"name":"wp","href":"https:\/\/api.w.org\/{rel}","templated":true}]}}