{"id":119798,"date":"2025-05-24T09:12:49","date_gmt":"2025-05-24T12:12:49","guid":{"rendered":"https:\/\/blogdoedvaldomagalhaes.com.br\/?p=119798"},"modified":"2025-05-24T09:12:49","modified_gmt":"2025-05-24T12:12:49","slug":"com-entrada-gratuita-grande-encontro-de-vira-latas-acontece-neste-domingo-em-caruaru","status":"publish","type":"post","link":"https:\/\/blogdoedvaldomagalhaes.com.br\/index.php\/2025\/05\/24\/com-entrada-gratuita-grande-encontro-de-vira-latas-acontece-neste-domingo-em-caruaru\/","title":{"rendered":"Com entrada gratuita, Grande Encontro de Vira-latas acontece neste domingo em Caruaru"},"content":{"rendered":"<p>Neste domingo (25.05), Caruaru ser\u00e1 palco do \u201cGrande Encontro de Vira-Latas\u201d, evento idealizado pelo vereador e advogado animalista Anderson Correia (PP) em parceria com os tutores da cadela influenciadora Nossa Caramelo Mel (@nossacaramelomel). A iniciativa ser\u00e1 realizada no 5\u00ba piso do Shopping Difusora, das 14h \u00e0s 18h, e promete reunir c\u00e3es sem ra\u00e7a definida e de todas as ra\u00e7as, acompanhados por seus tutores, para uma tarde repleta de atividades e conscientiza\u00e7\u00e3o.<\/p>\n<p>Com entrada gratuita, o evento ter\u00e1 uma programa\u00e7\u00e3o variada voltada para o bem-estar animal e o fortalecimento dos la\u00e7os entre pets e seus cuidadores. Entre as atra\u00e7\u00f5es, est\u00e3o o desfile pet \u2014 com premia\u00e7\u00e3o para os tr\u00eas melhores colocados \u2014, apresenta\u00e7\u00e3o de adestramento e recrea\u00e7\u00e3o, al\u00e9m de uma feira de ado\u00e7\u00e3o com c\u00e3es \u00e0 procura de um novo lar.<\/p>\n<p>Um dos destaques ser\u00e1 a palestra do vereador Anderson Correia, que abordar\u00e1 temas como maus-tratos, legisla\u00e7\u00e3o vigente e as a\u00e7\u00f5es desenvolvidas em defesa da causa animal em Pernambuco.<\/p>\n<p>\u201cO evento \u00e9 uma celebra\u00e7\u00e3o da conviv\u00eancia e do respeito aos animais, al\u00e9m de ser uma oportunidade para refor\u00e7armos a import\u00e2ncia da ado\u00e7\u00e3o respons\u00e1vel e da prote\u00e7\u00e3o dos pets. Ser\u00e1 uma tarde especial para quem ama os animais\u201d, destacou o parlamentar.<br \/>\nSeja seguidor do Instagram do Blog pelo @blogdoedvaldomagalhaes<\/p>\n","protected":false},"excerpt":{"rendered":"<p>Neste domingo (25.05), Caruaru ser\u00e1 palco do \u201cGrande Encontro de Vira-Latas\u201d, evento idealizado pelo vereador e advogado animalista Anderson Correia&hellip;<\/p>\n","protected":false},"author":1,"featured_media":119799,"comment_status":"closed","ping_status":"open","sticky":false,"template":"","format":"standard","meta":{"footnotes":""},"categories":[14120],"tags":[29440,27410,2,33683,33670],"class_list":["post-119798","post","type-post","status-publish","format-standard","has-post-thumbnail","hentry","category-noticias","tag-blog-com-mais-visualizacao","tag-blog-de-caruaru","tag-blog-do-edvaldo-magalhaes","tag-grande-encontro-de-vira-latas-em-caruaru","tag-vereador-anderson-correia"],"_links":{"self":[{"href":"https:\/\/blogdoedvaldomagalhaes.com.br\/index.php\/wp-json\/wp\/v2\/posts\/119798","targetHints":{"allow":["GET"]}}],"collection":[{"href":"https:\/\/blogdoedvaldomagalhaes.com.br\/index.php\/wp-json\/wp\/v2\/posts"}],"about":[{"href":"https:\/\/blogdoedvaldomagalhaes.com.br\/index.php\/wp-json\/wp\/v2\/types\/post"}],"author":[{"embeddable":true,"href":"https:\/\/blogdoedvaldomagalhaes.com.br\/index.php\/wp-json\/wp\/v2\/users\/1"}],"replies":[{"embeddable":true,"href":"https:\/\/blogdoedvaldomagalhaes.com.br\/index.php\/wp-json\/wp\/v2\/comments?post=119798"}],"version-history":[{"count":1,"href":"https:\/\/blogdoedvaldomagalhaes.com.br\/index.php\/wp-json\/wp\/v2\/posts\/119798\/revisions"}],"predecessor-version":[{"id":119800,"href":"https:\/\/blogdoedvaldomagalhaes.com.br\/index.php\/wp-json\/wp\/v2\/posts\/119798\/revisions\/119800"}],"wp:featuredmedia":[{"embeddable":true,"href":"https:\/\/blogdoedvaldomagalhaes.com.br\/index.php\/wp-json\/wp\/v2\/media\/119799"}],"wp:attachment":[{"href":"https:\/\/blogdoedvaldomagalhaes.com.br\/index.php\/wp-json\/wp\/v2\/media?parent=119798"}],"wp:term":[{"taxonomy":"category","embeddable":true,"href":"https:\/\/blogdoedvaldomagalhaes.com.br\/index.php\/wp-json\/wp\/v2\/categories?post=119798"},{"taxonomy":"post_tag","embeddable":true,"href":"https:\/\/blogdoedvaldomagalhaes.com.br\/index.php\/wp-json\/wp\/v2\/tags?post=119798"}],"curies":[{"name":"wp","href":"https:\/\/api.w.org\/{rel}","templated":true}]}}