{"id":119792,"date":"2025-05-23T21:06:50","date_gmt":"2025-05-24T00:06:50","guid":{"rendered":"https:\/\/blogdoedvaldomagalhaes.com.br\/?p=119792"},"modified":"2025-05-23T21:06:50","modified_gmt":"2025-05-24T00:06:50","slug":"jovem-e-assassinado-com-varios-tiros-de-pistola-em-caruaru","status":"publish","type":"post","link":"https:\/\/blogdoedvaldomagalhaes.com.br\/index.php\/2025\/05\/23\/jovem-e-assassinado-com-varios-tiros-de-pistola-em-caruaru\/","title":{"rendered":"Jovem \u00e9 assassinado com v\u00e1rios tiros de pistola em Caruaru"},"content":{"rendered":"<p>Um jovem foi assassinado a tiros no final da manh\u00e3 desta sexta-feira (23), as margens da BR 232, pr\u00f3ximo da Vila Campo Novo de Cima, em Caruaru. A v\u00edtima foi <b>Carlos Henrique Ver\u00edssimo dos Santos<\/b>, de 21 anos, que morava na Vila Lajes, na zona rural de Caruaru. Ele foi ao local de moto onde foi executado.<\/p>\n<p style=\"font-weight: 400;\">O delegado da 20\u00aa Delegacia de Homic\u00eddios,\u00a0<strong>Dr. M\u00e1rcio George<\/strong>, informou que os familiares disseram que algu\u00e9m ligou para o rapaz pela manh\u00e3 e marcou um encontro com ele, que pegou a moto e foi a esse tal encontro, que estava no S\u00edtio Campo Novo de Cima conversando com alguns amigos quando recebeu um novo telefone, que todos ouviram quando ele disse &#8220;t\u00f4 indo agora&#8221;, saiu e pouco tempo depois s\u00f3 chegou a not\u00edcia. A per\u00edcia foi realizada pelo IC \u2013 Instituto de Criminal\u00edstica que constatou que foi morto com v\u00e1rios tiros de pistola e o telefone desapareceu. O delegado afirmou ainda que a v\u00edtima j\u00e1 havia sido apreendida por tr\u00e1fico quando menor e que recentemente sofreu uma tentativa de homic\u00eddio, inclusive um amigo dele foi baleado h\u00e1 poucos dias.<\/p>\n<p style=\"font-weight: 400;\">J\u00e1 s\u00e3o 13 homic\u00eddios registrados no m\u00eas de maio e 44 no ano de 2025 em Caruaru e o corpo foi encaminhado para o IML local. Informa\u00e7\u00f5es e foto: Blog do Adielson Galv\u00e3o<\/p>\n<p>Siga o Instagram do Blog e comente pelo @blogdoedvaldomagalhaes<\/p>\n","protected":false},"excerpt":{"rendered":"<p>Um jovem foi assassinado a tiros no final da manh\u00e3 desta sexta-feira (23), as margens da BR 232, pr\u00f3ximo da&hellip;<\/p>\n","protected":false},"author":1,"featured_media":119793,"comment_status":"closed","ping_status":"open","sticky":false,"template":"","format":"standard","meta":{"footnotes":""},"categories":[14121],"tags":[30592,27410,2,28801,5448,33679],"class_list":["post-119792","post","type-post","status-publish","format-standard","has-post-thumbnail","hentry","category-policial","tag-blog-com-mais-seguidores","tag-blog-de-caruaru","tag-blog-do-edvaldo-magalhaes","tag-blog-mais-acessado","tag-homicidio","tag-jovem-e-assassinado-com-varios-tiros-de-pistola"],"_links":{"self":[{"href":"https:\/\/blogdoedvaldomagalhaes.com.br\/index.php\/wp-json\/wp\/v2\/posts\/119792","targetHints":{"allow":["GET"]}}],"collection":[{"href":"https:\/\/blogdoedvaldomagalhaes.com.br\/index.php\/wp-json\/wp\/v2\/posts"}],"about":[{"href":"https:\/\/blogdoedvaldomagalhaes.com.br\/index.php\/wp-json\/wp\/v2\/types\/post"}],"author":[{"embeddable":true,"href":"https:\/\/blogdoedvaldomagalhaes.com.br\/index.php\/wp-json\/wp\/v2\/users\/1"}],"replies":[{"embeddable":true,"href":"https:\/\/blogdoedvaldomagalhaes.com.br\/index.php\/wp-json\/wp\/v2\/comments?post=119792"}],"version-history":[{"count":1,"href":"https:\/\/blogdoedvaldomagalhaes.com.br\/index.php\/wp-json\/wp\/v2\/posts\/119792\/revisions"}],"predecessor-version":[{"id":119794,"href":"https:\/\/blogdoedvaldomagalhaes.com.br\/index.php\/wp-json\/wp\/v2\/posts\/119792\/revisions\/119794"}],"wp:featuredmedia":[{"embeddable":true,"href":"https:\/\/blogdoedvaldomagalhaes.com.br\/index.php\/wp-json\/wp\/v2\/media\/119793"}],"wp:attachment":[{"href":"https:\/\/blogdoedvaldomagalhaes.com.br\/index.php\/wp-json\/wp\/v2\/media?parent=119792"}],"wp:term":[{"taxonomy":"category","embeddable":true,"href":"https:\/\/blogdoedvaldomagalhaes.com.br\/index.php\/wp-json\/wp\/v2\/categories?post=119792"},{"taxonomy":"post_tag","embeddable":true,"href":"https:\/\/blogdoedvaldomagalhaes.com.br\/index.php\/wp-json\/wp\/v2\/tags?post=119792"}],"curies":[{"name":"wp","href":"https:\/\/api.w.org\/{rel}","templated":true}]}}