{"id":119703,"date":"2025-05-21T10:22:32","date_gmt":"2025-05-21T13:22:32","guid":{"rendered":"https:\/\/blogdoedvaldomagalhaes.com.br\/?p=119703"},"modified":"2025-05-21T10:27:43","modified_gmt":"2025-05-21T13:27:43","slug":"memorial-mestre-luiz-antonio-e-inaugurado-no-alto-do-moura","status":"publish","type":"post","link":"https:\/\/blogdoedvaldomagalhaes.com.br\/index.php\/2025\/05\/21\/memorial-mestre-luiz-antonio-e-inaugurado-no-alto-do-moura\/","title":{"rendered":"Memorial Mestre Luiz Ant\u00f4nio \u00e9 inaugurado no Alto do Moura"},"content":{"rendered":"<p>_O espa\u00e7o conta com mais de 500 pe\u00e7as do artes\u00e3o, que \u00e9 Patrim\u00f4nio Vivo de Caruaru e de Pernambuco_<\/p>\n<p>Foi inaugurado, em Caruaru, nesta ter\u00e7a-feira (20), um novo museu: o Memorial Mestre Luiz Ant\u00f4nio. Localizado no Alto do Moura, o espa\u00e7o \u00e9 fruto de uma parceria p\u00fablico-privada da Prefeitura de Caruaru e conta com um acervo de mais de 500 pe\u00e7as do artes\u00e3o, que \u00e9 Patrim\u00f4nio Vivo de Caruaru desde 2019 e de Pernambuco desde 2021.<\/p>\n<p>&#8220;No m\u00eas do anivers\u00e1rio de Caruaru, a gente entrega mais uma casa que transborda cultura, alegria e hist\u00f3ria. A gente sabe a import\u00e2ncia dos mestres e de manter viva essa cultura do barro. Mais de 800 fam\u00edlias vivem desse barro e valorizar isso \u00e9 valorizar a nossa identidade e o que torna Caruaru essa cidade t\u00e3o rica em cultura&#8221;, comemorou o prefeito Rodrigo Pinheiro. Para garantir o funcionamento do Memorial, al\u00e9m de apoio t\u00e9cnico, a Prefeitura ir\u00e1 refor\u00e7ar a equipe de atendimento e manuten\u00e7\u00e3o do local.<\/p>\n<p>Durante a inaugura\u00e7\u00e3o do espa\u00e7o, o Presidente da Funda\u00e7\u00e3o de Cultura, H\u00e9rlon Cavalcanti, relembrou tamb\u00e9m a poesia de M\u00e1rio Quintana que diz que \u201camar \u00e9 mudar a alma de casa&#8221;. \u201cEsse mestre aqui consegue mudar a casa e a alma atrav\u00e9s da arte. Ent\u00e3o, que possamos receber esse espa\u00e7o com muito carinho e que as escolas e a popula\u00e7\u00e3o em geral possam aproveitar essa oportunidade para conhecer, vivenciar e respeitar a cultura do barro\u201d, afirmou.<\/p>\n<p>Nascido em 1935, o Mestre Luiz Ant\u00f4nio \u00e9 um artes\u00e3o renomado, filho do Alto do Moura. Sua obra destaca-se por representar cenas do cotidiano nordestino e chegou a ser apresentada no Jap\u00e3o, com mais de 300 pe\u00e7as produzidas em 1986. \u201cEu trabalho por amor, gosto de trabalhar e de representar minha cultura, como j\u00e1 fiz em v\u00e1rias partes do mundo. \u00c9 um dom que Jesus me deu. Desde crian\u00e7a, eu pegava o barro e fazia bonecos, cavalinhos de barro, boi. \u00c9 algo que faz parte da tradi\u00e7\u00e3o de quem vem do Alto do Moura. Meus pais j\u00e1 faziam isso e eu criei meus dez filhos atrav\u00e9s dessas m\u00e3os, do barro\u201d, celebrou o artes\u00e3o.<\/p>\n<p>O Memorial Mestre Luiz Ant\u00f4nio fica localizado na Rua Mestre Vitalino e j\u00e1 est\u00e1 aberto para visita\u00e7\u00e3o. O espa\u00e7o funcionar\u00e1 de ter\u00e7a a sexta-feira, das 8h \u00e0s 17h; e, aos s\u00e1bados, das 9h \u00e0s 12h, com entrada gratuita.<br \/>\nSeja seguidor do Instagram do Blog pelo @blogdoedvaldomagalhaes<\/p>\n<p><img loading=\"lazy\" decoding=\"async\" class=\"wp-image-119706 alignnone size-full\" src=\"https:\/\/blogdoedvaldomagalhaes.com.br\/wp-content\/uploads\/2025\/05\/img-20250521-wa00495867330615625423331.jpg\" width=\"2000\" height=\"1333\" srcset=\"https:\/\/blogdoedvaldomagalhaes.com.br\/wp-content\/uploads\/2025\/05\/img-20250521-wa00495867330615625423331.jpg 2000w, https:\/\/blogdoedvaldomagalhaes.com.br\/wp-content\/uploads\/2025\/05\/img-20250521-wa00495867330615625423331-300x200.jpg 300w, https:\/\/blogdoedvaldomagalhaes.com.br\/wp-content\/uploads\/2025\/05\/img-20250521-wa00495867330615625423331-1024x682.jpg 1024w, https:\/\/blogdoedvaldomagalhaes.com.br\/wp-content\/uploads\/2025\/05\/img-20250521-wa00495867330615625423331-768x512.jpg 768w, https:\/\/blogdoedvaldomagalhaes.com.br\/wp-content\/uploads\/2025\/05\/img-20250521-wa00495867330615625423331-1536x1024.jpg 1536w\" sizes=\"auto, (max-width: 2000px) 100vw, 2000px\" \/><\/p>\n<p><img loading=\"lazy\" decoding=\"async\" class=\"wp-image-119707 alignnone size-full\" src=\"https:\/\/blogdoedvaldomagalhaes.com.br\/wp-content\/uploads\/2025\/05\/img-20250521-wa00474418003102015761317.jpg\" width=\"2000\" height=\"1333\" srcset=\"https:\/\/blogdoedvaldomagalhaes.com.br\/wp-content\/uploads\/2025\/05\/img-20250521-wa00474418003102015761317.jpg 2000w, https:\/\/blogdoedvaldomagalhaes.com.br\/wp-content\/uploads\/2025\/05\/img-20250521-wa00474418003102015761317-300x200.jpg 300w, https:\/\/blogdoedvaldomagalhaes.com.br\/wp-content\/uploads\/2025\/05\/img-20250521-wa00474418003102015761317-1024x682.jpg 1024w, https:\/\/blogdoedvaldomagalhaes.com.br\/wp-content\/uploads\/2025\/05\/img-20250521-wa00474418003102015761317-768x512.jpg 768w, https:\/\/blogdoedvaldomagalhaes.com.br\/wp-content\/uploads\/2025\/05\/img-20250521-wa00474418003102015761317-1536x1024.jpg 1536w\" sizes=\"auto, (max-width: 2000px) 100vw, 2000px\" \/><\/p>\n<p>Fotos: Jorge Farias\/Secom\/PMC<\/p>\n<p><img loading=\"lazy\" decoding=\"async\" src=\"https:\/\/blogdoedvaldomagalhaes.com.br\/wp-content\/uploads\/2025\/05\/img-20250521-wa00598445089020716134896.jpg\" class=\"alignnone size-full wp-image-119709\" width=\"1200\" height=\"1600\" srcset=\"https:\/\/blogdoedvaldomagalhaes.com.br\/wp-content\/uploads\/2025\/05\/img-20250521-wa00598445089020716134896.jpg 1200w, https:\/\/blogdoedvaldomagalhaes.com.br\/wp-content\/uploads\/2025\/05\/img-20250521-wa00598445089020716134896-225x300.jpg 225w, https:\/\/blogdoedvaldomagalhaes.com.br\/wp-content\/uploads\/2025\/05\/img-20250521-wa00598445089020716134896-768x1024.jpg 768w, https:\/\/blogdoedvaldomagalhaes.com.br\/wp-content\/uploads\/2025\/05\/img-20250521-wa00598445089020716134896-1152x1536.jpg 1152w\" sizes=\"auto, (max-width: 1200px) 100vw, 1200px\" \/><\/p>\n<p>O casal Jo\u00e3o C\u00e2ndido J\u00fanior e Jussara Costa prestigiaram o evento<\/p>\n<p><img loading=\"lazy\" decoding=\"async\" src=\"https:\/\/blogdoedvaldomagalhaes.com.br\/wp-content\/uploads\/2025\/05\/img-20250521-wa00582530779263408268233.jpg\" class=\"wp-image-119710 alignnone size-full\" width=\"1200\" height=\"1600\" srcset=\"https:\/\/blogdoedvaldomagalhaes.com.br\/wp-content\/uploads\/2025\/05\/img-20250521-wa00582530779263408268233.jpg 1200w, https:\/\/blogdoedvaldomagalhaes.com.br\/wp-content\/uploads\/2025\/05\/img-20250521-wa00582530779263408268233-225x300.jpg 225w, https:\/\/blogdoedvaldomagalhaes.com.br\/wp-content\/uploads\/2025\/05\/img-20250521-wa00582530779263408268233-768x1024.jpg 768w, https:\/\/blogdoedvaldomagalhaes.com.br\/wp-content\/uploads\/2025\/05\/img-20250521-wa00582530779263408268233-1152x1536.jpg 1152w\" sizes=\"auto, (max-width: 1200px) 100vw, 1200px\" \/><\/p>\n<p>Rafael Costa, Padre Luiz Ant\u00f4nio, Jo\u00e3o C\u00e2ndido J\u00fanior e Jussara Costa<\/p>\n","protected":false},"excerpt":{"rendered":"<p>_O espa\u00e7o conta com mais de 500 pe\u00e7as do artes\u00e3o, que \u00e9 Patrim\u00f4nio Vivo de Caruaru e de Pernambuco_ Foi&hellip;<\/p>\n","protected":false},"author":1,"featured_media":119704,"comment_status":"closed","ping_status":"open","sticky":false,"template":"","format":"standard","meta":{"footnotes":""},"categories":[14120],"tags":[30253,30592,13146,28801,33656,20,1766],"class_list":["post-119703","post","type-post","status-publish","format-standard","has-post-thumbnail","hentry","category-noticias","tag-blog-caruaru","tag-blog-com-mais-seguidores","tag-blog-edvaldo-magalhaes","tag-blog-mais-acessado","tag-memorial-mestre-luiz-antonio-e-inaugurado-no-alto-do-moura","tag-politica","tag-rodrigo-pinheiro"],"_links":{"self":[{"href":"https:\/\/blogdoedvaldomagalhaes.com.br\/index.php\/wp-json\/wp\/v2\/posts\/119703","targetHints":{"allow":["GET"]}}],"collection":[{"href":"https:\/\/blogdoedvaldomagalhaes.com.br\/index.php\/wp-json\/wp\/v2\/posts"}],"about":[{"href":"https:\/\/blogdoedvaldomagalhaes.com.br\/index.php\/wp-json\/wp\/v2\/types\/post"}],"author":[{"embeddable":true,"href":"https:\/\/blogdoedvaldomagalhaes.com.br\/index.php\/wp-json\/wp\/v2\/users\/1"}],"replies":[{"embeddable":true,"href":"https:\/\/blogdoedvaldomagalhaes.com.br\/index.php\/wp-json\/wp\/v2\/comments?post=119703"}],"version-history":[{"count":3,"href":"https:\/\/blogdoedvaldomagalhaes.com.br\/index.php\/wp-json\/wp\/v2\/posts\/119703\/revisions"}],"predecessor-version":[{"id":119711,"href":"https:\/\/blogdoedvaldomagalhaes.com.br\/index.php\/wp-json\/wp\/v2\/posts\/119703\/revisions\/119711"}],"wp:featuredmedia":[{"embeddable":true,"href":"https:\/\/blogdoedvaldomagalhaes.com.br\/index.php\/wp-json\/wp\/v2\/media\/119704"}],"wp:attachment":[{"href":"https:\/\/blogdoedvaldomagalhaes.com.br\/index.php\/wp-json\/wp\/v2\/media?parent=119703"}],"wp:term":[{"taxonomy":"category","embeddable":true,"href":"https:\/\/blogdoedvaldomagalhaes.com.br\/index.php\/wp-json\/wp\/v2\/categories?post=119703"},{"taxonomy":"post_tag","embeddable":true,"href":"https:\/\/blogdoedvaldomagalhaes.com.br\/index.php\/wp-json\/wp\/v2\/tags?post=119703"}],"curies":[{"name":"wp","href":"https:\/\/api.w.org\/{rel}","templated":true}]}}