{"id":119700,"date":"2025-05-21T10:16:36","date_gmt":"2025-05-21T13:16:36","guid":{"rendered":"https:\/\/blogdoedvaldomagalhaes.com.br\/?p=119700"},"modified":"2025-05-21T10:16:36","modified_gmt":"2025-05-21T13:16:36","slug":"delegado-lessa-discute-seguranca-publica-na-camara-de-vereadores-de-caruaru","status":"publish","type":"post","link":"https:\/\/blogdoedvaldomagalhaes.com.br\/index.php\/2025\/05\/21\/delegado-lessa-discute-seguranca-publica-na-camara-de-vereadores-de-caruaru\/","title":{"rendered":"Delegado Lessa discute seguran\u00e7a p\u00fablica na C\u00e2mara de Vereadores de Caruaru"},"content":{"rendered":"<p>Em discurso contundente na C\u00e2mara de Vereadores de Caruaru, o vereador e delegado Erick Lessa voltou a denunciar a grave situa\u00e7\u00e3o da seguran\u00e7a p\u00fablica no munic\u00edpio e no Estado de Pernambuco. Lessa abordou pontos cr\u00edticos do sistema penitenci\u00e1rio e as dificuldades enfrentadas diariamente pelos profissionais da seguran\u00e7a.<\/p>\n<p>Durante sua fala, o parlamentar descreveu o cen\u00e1rio das unidades prisionais como ca\u00f3tico. \u201cTemos celas insalubres, verdadeiras caixas mortu\u00e1rias. Falta at\u00e9 o b\u00e1sico, como \u00e1gua. N\u00e3o h\u00e1 dignidade nem condi\u00e7\u00f5es para ressocializa\u00e7\u00e3o. Estamos empilhando pessoas e alimentando um ciclo de viol\u00eancia&#8221;, afirmou.<\/p>\n<p>Lessa tamb\u00e9m destacou a luta di\u00e1ria dos policiais que enfrentam o crime nas ruas. Segundo ele, muitos profissionais relatam que o trabalho se assemelha a \u201cenxugar gelo\u201d, diante da aus\u00eancia de estrutura, efetivo e apoio do Estado. \u201c\u00c9 um esfor\u00e7o cont\u00ednuo com poucos resultados pr\u00e1ticos. Sem uma pol\u00edtica s\u00e9ria, estrat\u00e9gica e com investimento real, a sensa\u00e7\u00e3o de impot\u00eancia \u00e9 cada vez maior\u201d, lamentou.<\/p>\n<p>O vereador refor\u00e7ou seu compromisso com a pauta da seguran\u00e7a e cobrou a\u00e7\u00f5es concretas por parte do Governo do Estado. \u201cPernambuco n\u00e3o pode mais conviver com a inseguran\u00e7a como algo normal. Estamos tratando de vidas, de fam\u00edlias que clamam por paz e justi\u00e7a. \u00c9 preciso agir com responsabilidade e urg\u00eancia\u201d, concluiu Lessa.<br \/>\nSiga o Instagram do Blog pelo @blogdoedvaldomagalhaes<br \/>\nFoto: Divulga\u00e7\u00e3o <\/p>\n","protected":false},"excerpt":{"rendered":"<p>Em discurso contundente na C\u00e2mara de Vereadores de Caruaru, o vereador e delegado Erick Lessa voltou a denunciar a grave&hellip;<\/p>\n","protected":false},"author":1,"featured_media":119701,"comment_status":"closed","ping_status":"open","sticky":false,"template":"","format":"standard","meta":{"footnotes":""},"categories":[14122],"tags":[29440,27410,2,28801,33655,20],"class_list":["post-119700","post","type-post","status-publish","format-standard","has-post-thumbnail","hentry","category-politica","tag-blog-com-mais-visualizacao","tag-blog-de-caruaru","tag-blog-do-edvaldo-magalhaes","tag-blog-mais-acessado","tag-delegado-lessa-discute-seguranca-publica-na-camara-de-vereadores-de-caruaru","tag-politica"],"_links":{"self":[{"href":"https:\/\/blogdoedvaldomagalhaes.com.br\/index.php\/wp-json\/wp\/v2\/posts\/119700","targetHints":{"allow":["GET"]}}],"collection":[{"href":"https:\/\/blogdoedvaldomagalhaes.com.br\/index.php\/wp-json\/wp\/v2\/posts"}],"about":[{"href":"https:\/\/blogdoedvaldomagalhaes.com.br\/index.php\/wp-json\/wp\/v2\/types\/post"}],"author":[{"embeddable":true,"href":"https:\/\/blogdoedvaldomagalhaes.com.br\/index.php\/wp-json\/wp\/v2\/users\/1"}],"replies":[{"embeddable":true,"href":"https:\/\/blogdoedvaldomagalhaes.com.br\/index.php\/wp-json\/wp\/v2\/comments?post=119700"}],"version-history":[{"count":1,"href":"https:\/\/blogdoedvaldomagalhaes.com.br\/index.php\/wp-json\/wp\/v2\/posts\/119700\/revisions"}],"predecessor-version":[{"id":119702,"href":"https:\/\/blogdoedvaldomagalhaes.com.br\/index.php\/wp-json\/wp\/v2\/posts\/119700\/revisions\/119702"}],"wp:featuredmedia":[{"embeddable":true,"href":"https:\/\/blogdoedvaldomagalhaes.com.br\/index.php\/wp-json\/wp\/v2\/media\/119701"}],"wp:attachment":[{"href":"https:\/\/blogdoedvaldomagalhaes.com.br\/index.php\/wp-json\/wp\/v2\/media?parent=119700"}],"wp:term":[{"taxonomy":"category","embeddable":true,"href":"https:\/\/blogdoedvaldomagalhaes.com.br\/index.php\/wp-json\/wp\/v2\/categories?post=119700"},{"taxonomy":"post_tag","embeddable":true,"href":"https:\/\/blogdoedvaldomagalhaes.com.br\/index.php\/wp-json\/wp\/v2\/tags?post=119700"}],"curies":[{"name":"wp","href":"https:\/\/api.w.org\/{rel}","templated":true}]}}