{"id":1197,"date":"2018-09-27T15:26:00","date_gmt":"2018-09-27T18:26:00","guid":{"rendered":"http:\/\/blogdoedvaldomagalhaes.com.br\/index.php\/2018\/09\/27\/palco-parceria-encerra-setembro-co\/"},"modified":"2019-02-09T02:32:43","modified_gmt":"2019-02-09T04:32:43","slug":"palco-parceria-encerra-setembro-co","status":"publish","type":"post","link":"https:\/\/blogdoedvaldomagalhaes.com.br\/index.php\/2018\/09\/27\/palco-parceria-encerra-setembro-co\/","title":{"rendered":"Palco parceria encerra setembro com m\u00fasica em Caruaru"},"content":{"rendered":"<div class=\"separator\" style=\"clear: both; text-align: center;\">\n<a href=\"https:\/\/3.bp.blogspot.com\/-dAs1S39U07U\/W6z2j0iBz9I\/AAAAAAAA6vk\/pJN9mbsIQmQCKswD7SGJSK4O9OOMVgF8wCLcBGAs\/s1600\/sesc%2B1.jpg\" imageanchor=\"1\" style=\"margin-left: 1em; margin-right: 1em;\"><img loading=\"lazy\" decoding=\"async\" border=\"0\" data-original-height=\"853\" data-original-width=\"853\" height=\"640\" src=\"http:\/\/blogdoedvaldomagalhaes.com.br\/wp-content\/uploads\/2018\/09\/sesc1.jpg\" width=\"640\" \/><\/a><\/div>\n<div class=\"MsoNormal\" style=\"background-color: white; margin: 0cm 0cm 0.0001pt; text-align: justify;\">\n<\/div>\n<div class=\"MsoNormal\" style=\"background-color: white; margin: 0cm 0cm 0.0001pt; text-align: justify;\">\nPara finalizar a programa\u00e7\u00e3o do projeto Palco Parceria de setembro, neste s\u00e1bado (29\/9) o Sesc Caruaru recebe o musical Santo Forte com Gabriel S\u00e1, \u00e0s 20h. No domingo (30\/9), ser\u00e1 a vez de Casaprima e Murilo Carmo, a partir das 17h. Os amantes da boa m\u00fasica ter\u00e3o oportunidades imperd\u00edveis de prestigiar os artistas da terra em apresenta\u00e7\u00f5es \u00fanicas que ocorrer\u00e3o no Teatro Rui Limeira Rosal.<\/div>\n<div class=\"MsoNormal\" style=\"background-color: white; margin: 0cm 0cm 0.0001pt; text-align: justify;\">\n<\/div>\n<div class=\"MsoNormal\" style=\"background-color: white; margin: 0cm 0cm 0.0001pt; text-align: justify;\">\nO musical Santo Forte tem dire\u00e7\u00e3o de Felipe Gon\u00e7alves e \u00e9 um espet\u00e1culo cheio de cores, batuques e f\u00e9, nascido em 2016. \u00c9 uma prociss\u00e3o de alegria aben\u00e7oada por santos, cartomantes, rezadeiras, orix\u00e1s, caboclos, boiadeiros e os mestres da cultura popular. \u201cCom esta montagem, pretendemos promover a visibilidade de minorias oprimidas pela intoler\u00e2ncia. Santo Forte torna vis\u00edvel uma milit\u00e2ncia, acima de tudo, humana, social e pol\u00edtica, tornando representados gays, transg\u00eaneros, negros, nordestinos, mulheres, candomblecistas e umbandistas\u201d, afirma o cantor Gabriel S\u00e1.<\/div>\n<div class=\"MsoNormal\" style=\"background-color: white; margin: 0cm 0cm 0.0001pt; text-align: justify;\">\n<\/div>\n<div class=\"MsoNormal\" style=\"background-color: white; margin: 0cm 0cm 0.0001pt; text-align: justify;\">\nAp\u00f3s quase tr\u00eas anos do lan\u00e7amento de seu primeiro disco (Andarilho), a Casaprima apresentar\u00e1 o pr\u00e9-lan\u00e7amento do seu segundo disco (Norte). O p\u00fablico ter\u00e1 a oportunidade de conhecer em primeira m\u00e3o as 12 can\u00e7\u00f5es deste trabalho. Na mesma noite ainda haver\u00e1 apresenta\u00e7\u00e3o do compositor caruaruense Murilo Carmo, interpretando can\u00e7\u00f5es autorais.<\/div>\n<div class=\"MsoNormal\" style=\"background-color: white; margin: 0cm 0cm 0.0001pt; text-align: justify;\">\n<\/div>\n<div class=\"separator\" style=\"clear: both; text-align: center;\">\n<a href=\"https:\/\/4.bp.blogspot.com\/-HKYP-WUCn4M\/W6z2rpFo1rI\/AAAAAAAA6vo\/XX25Pm7QNvwnfbRRNgYYxD4_3i8ZMb9iQCLcBGAs\/s1600\/sesc%2B2.jpg\" imageanchor=\"1\" style=\"margin-left: 1em; margin-right: 1em;\"><img loading=\"lazy\" decoding=\"async\" border=\"0\" data-original-height=\"500\" data-original-width=\"750\" height=\"426\" src=\"http:\/\/blogdoedvaldomagalhaes.com.br\/wp-content\/uploads\/2018\/09\/sesc2.jpg\" width=\"640\" \/><\/a><\/div>\n<p><\/p>\n<div class=\"MsoNormal\" style=\"background-color: white; margin: 0cm 0cm 0.0001pt; text-align: justify;\">\n<\/div>\n<div class=\"MsoNormal\" style=\"background-color: white; margin: 0cm 0cm 0.0001pt; text-align: justify;\">\n\u201cO Palco Parceria contempla as linguagens da m\u00fasica, dan\u00e7a, teatro e circo e tem como objetivos fortalecer o movimento art\u00edstico cultural, destacando principalmente grupos e artistas da cidade e regi\u00e3o, incentivando as parcerias entre pessoas e institui\u00e7\u00f5es para divulga\u00e7\u00e3o e promo\u00e7\u00e3o das apresenta\u00e7\u00f5es art\u00edsticas\u201d,&nbsp;explica instrutor de atividades art\u00edsticas do Sesc Caruaru, Edson Pedro.<\/div>\n<div class=\"MsoNormal\" style=\"background-color: white; margin: 0cm 0cm 0.0001pt; text-align: justify;\">\n<\/div>\n<div class=\"MsoNormal\" style=\"background-color: white; margin: 0cm 0cm 0.0001pt; text-align: justify;\">\nO ingresso para o musical Santo Forte custa R$ 30. O investimento para o show de Casaprima e Murilo Carmo \u00e9 de R$ 20.&nbsp;Trabalhadores do com\u00e9rcio de bens, servi\u00e7os e turismo t\u00eam desconto e pagam meia entrada em ambas as apresenta\u00e7\u00f5es. Os bilhetes podem ser adquiridos na bilheteria do Sesc, localizada na Rua Rui Limeira Rosa, s\/n, no Bairro Petr\u00f3polis.<\/div>\n<div class=\"MsoNormal\" style=\"background-color: white; margin: 0cm 0cm 0.0001pt; text-align: justify;\">\n<\/div>\n<div class=\"MsoNormal\" style=\"background-color: white; margin: 0cm 0cm 0.0001pt; text-align: justify;\">\n<b>COMO PARTICIPAR DO PALCO PARCERIA<\/b>&nbsp;&#8211; O Sesc oferece o teatro Rui Limeira Rosal com os quatro t\u00e9cnicos sem cobran\u00e7a de pauta. Os grupos poder\u00e3o definir o valor de seus ingressos e a Unidade ficar\u00e1 com apenas 10% da renda da bilheteria, que ser\u00e1 destinada a manuten\u00e7\u00e3o do espa\u00e7o. Os grupos e artistas poder\u00e3o enviar suas propostas para o e-mail:<a href=\"mailto:epsilva@sescpe.com.br\" target=\"_blank\">epsilva@sescpe.com.br<\/a>&nbsp;e ser\u00e3o analisadas na curadoria do coletivo de cultura. Cada grupo ou artista far\u00e1 entre uma e quatro apresenta\u00e7\u00f5es durante o m\u00eas, a depender da disponibilidade da pauta do teatro.<\/div>\n<div class=\"MsoNormal\" style=\"background-color: white; margin: 0cm 0cm 0.0001pt; text-align: justify;\">\n<\/div>\n","protected":false},"excerpt":{"rendered":"<p>Para finalizar a programa\u00e7\u00e3o do projeto Palco Parceria de setembro, neste s\u00e1bado (29\/9) o Sesc Caruaru recebe o musical Santo&hellip;<\/p>\n","protected":false},"author":1,"featured_media":0,"comment_status":"open","ping_status":"open","sticky":false,"template":"","format":"standard","meta":{"footnotes":""},"categories":[1],"tags":[2,6,1156],"class_list":["post-1197","post","type-post","status-publish","format-standard","hentry","category-sem-categoria","tag-blog-do-edvaldo-magalhaes","tag-noticias","tag-palco-parceria-encerra-setembro-com-musica-em-caruaru"],"_links":{"self":[{"href":"https:\/\/blogdoedvaldomagalhaes.com.br\/index.php\/wp-json\/wp\/v2\/posts\/1197","targetHints":{"allow":["GET"]}}],"collection":[{"href":"https:\/\/blogdoedvaldomagalhaes.com.br\/index.php\/wp-json\/wp\/v2\/posts"}],"about":[{"href":"https:\/\/blogdoedvaldomagalhaes.com.br\/index.php\/wp-json\/wp\/v2\/types\/post"}],"author":[{"embeddable":true,"href":"https:\/\/blogdoedvaldomagalhaes.com.br\/index.php\/wp-json\/wp\/v2\/users\/1"}],"replies":[{"embeddable":true,"href":"https:\/\/blogdoedvaldomagalhaes.com.br\/index.php\/wp-json\/wp\/v2\/comments?post=1197"}],"version-history":[{"count":1,"href":"https:\/\/blogdoedvaldomagalhaes.com.br\/index.php\/wp-json\/wp\/v2\/posts\/1197\/revisions"}],"predecessor-version":[{"id":34409,"href":"https:\/\/blogdoedvaldomagalhaes.com.br\/index.php\/wp-json\/wp\/v2\/posts\/1197\/revisions\/34409"}],"wp:attachment":[{"href":"https:\/\/blogdoedvaldomagalhaes.com.br\/index.php\/wp-json\/wp\/v2\/media?parent=1197"}],"wp:term":[{"taxonomy":"category","embeddable":true,"href":"https:\/\/blogdoedvaldomagalhaes.com.br\/index.php\/wp-json\/wp\/v2\/categories?post=1197"},{"taxonomy":"post_tag","embeddable":true,"href":"https:\/\/blogdoedvaldomagalhaes.com.br\/index.php\/wp-json\/wp\/v2\/tags?post=1197"}],"curies":[{"name":"wp","href":"https:\/\/api.w.org\/{rel}","templated":true}]}}