{"id":119697,"date":"2025-05-21T09:21:17","date_gmt":"2025-05-21T12:21:17","guid":{"rendered":"https:\/\/blogdoedvaldomagalhaes.com.br\/?p=119697"},"modified":"2025-05-21T09:21:17","modified_gmt":"2025-05-21T12:21:17","slug":"compromisso-com-a-seguranca-vereador-cabo-cardoso-articula-reuniao-com-comandante-do-4o-batalhao-e-presidente-da-ceaca","status":"publish","type":"post","link":"https:\/\/blogdoedvaldomagalhaes.com.br\/index.php\/2025\/05\/21\/compromisso-com-a-seguranca-vereador-cabo-cardoso-articula-reuniao-com-comandante-do-4o-batalhao-e-presidente-da-ceaca\/","title":{"rendered":"Compromisso com a Seguran\u00e7a: Vereador Cabo Cardoso Articula Reuni\u00e3o com Comandante do 4\u00ba Batalh\u00e3o e Presidente da CEACA"},"content":{"rendered":"<p>Nessa ter\u00e7a-feira (20.05), o vereador Cabo Cardoso esteve reunido com o comandante do 4\u00ba Batalh\u00e3o de Pol\u00edcia Militar, tenente-coronel Fabiano, e com a presidente da Central de Abastecimento de Caruaru (CEACA), para tratar de a\u00e7\u00f5es voltadas ao refor\u00e7o da seguran\u00e7a no local.<\/p>\n<p>A reuni\u00e3o teve como principal objetivo discutir estrat\u00e9gias que garantam maior prote\u00e7\u00e3o aos comerciantes, funcion\u00e1rios e frequentadores da CEACA, que \u00e9 um dos polos mais importantes da economia de Caruaru.<\/p>\n<p>Durante o encontro, foram levantadas demandas relacionadas \u00e0 presen\u00e7a policial, rondas ostensivas e melhorias na infraestrutura de seguran\u00e7a do equipamento. Cabo Cardoso destacou a import\u00e2ncia da uni\u00e3o entre o poder p\u00fablico e as for\u00e7as de seguran\u00e7a para proporcionar um ambiente mais seguro e organizado.<\/p>\n<p>\u201cA CEACA tem um papel fundamental no abastecimento e na economia da nossa cidade. \u00c9 nosso dever garantir que todos que ali trabalham ou passam pelo local tenham tranquilidade para exercer suas atividades\u201d, afirmou o vereador.<\/p>\n<p>A articula\u00e7\u00e3o com o 4\u00ba BPM visa n\u00e3o apenas a\u00e7\u00f5es pontuais, mas tamb\u00e9m a constru\u00e7\u00e3o de um plano permanente de seguran\u00e7a, com foco na redu\u00e7\u00e3o dos \u00edndices de criminalidade na regi\u00e3o.<\/p>\n<p>O vereador refor\u00e7ou seu compromisso com a seguran\u00e7a p\u00fablica e o desenvolvimento de Caruaru, colocando seu mandato \u00e0 disposi\u00e7\u00e3o para colaborar com iniciativas que beneficiem diretamente a popula\u00e7\u00e3o. Foto: Divulga\u00e7\u00e3o.<br \/>\nSeja seguidor do Instagram do Blog pelo @blogdoedvaldomagalhaes<\/p>\n","protected":false},"excerpt":{"rendered":"<p>Nessa ter\u00e7a-feira (20.05), o vereador Cabo Cardoso esteve reunido com o comandante do 4\u00ba Batalh\u00e3o de Pol\u00edcia Militar, tenente-coronel Fabiano,&hellip;<\/p>\n","protected":false},"author":1,"featured_media":119698,"comment_status":"closed","ping_status":"open","sticky":false,"template":"","format":"standard","meta":{"footnotes":""},"categories":[14122],"tags":[30592,27410,2,28801],"class_list":["post-119697","post","type-post","status-publish","format-standard","has-post-thumbnail","hentry","category-politica","tag-blog-com-mais-seguidores","tag-blog-de-caruaru","tag-blog-do-edvaldo-magalhaes","tag-blog-mais-acessado"],"_links":{"self":[{"href":"https:\/\/blogdoedvaldomagalhaes.com.br\/index.php\/wp-json\/wp\/v2\/posts\/119697","targetHints":{"allow":["GET"]}}],"collection":[{"href":"https:\/\/blogdoedvaldomagalhaes.com.br\/index.php\/wp-json\/wp\/v2\/posts"}],"about":[{"href":"https:\/\/blogdoedvaldomagalhaes.com.br\/index.php\/wp-json\/wp\/v2\/types\/post"}],"author":[{"embeddable":true,"href":"https:\/\/blogdoedvaldomagalhaes.com.br\/index.php\/wp-json\/wp\/v2\/users\/1"}],"replies":[{"embeddable":true,"href":"https:\/\/blogdoedvaldomagalhaes.com.br\/index.php\/wp-json\/wp\/v2\/comments?post=119697"}],"version-history":[{"count":1,"href":"https:\/\/blogdoedvaldomagalhaes.com.br\/index.php\/wp-json\/wp\/v2\/posts\/119697\/revisions"}],"predecessor-version":[{"id":119699,"href":"https:\/\/blogdoedvaldomagalhaes.com.br\/index.php\/wp-json\/wp\/v2\/posts\/119697\/revisions\/119699"}],"wp:featuredmedia":[{"embeddable":true,"href":"https:\/\/blogdoedvaldomagalhaes.com.br\/index.php\/wp-json\/wp\/v2\/media\/119698"}],"wp:attachment":[{"href":"https:\/\/blogdoedvaldomagalhaes.com.br\/index.php\/wp-json\/wp\/v2\/media?parent=119697"}],"wp:term":[{"taxonomy":"category","embeddable":true,"href":"https:\/\/blogdoedvaldomagalhaes.com.br\/index.php\/wp-json\/wp\/v2\/categories?post=119697"},{"taxonomy":"post_tag","embeddable":true,"href":"https:\/\/blogdoedvaldomagalhaes.com.br\/index.php\/wp-json\/wp\/v2\/tags?post=119697"}],"curies":[{"name":"wp","href":"https:\/\/api.w.org\/{rel}","templated":true}]}}