{"id":119694,"date":"2025-05-20T18:43:31","date_gmt":"2025-05-20T21:43:31","guid":{"rendered":"https:\/\/blogdoedvaldomagalhaes.com.br\/?p=119694"},"modified":"2025-05-20T18:43:31","modified_gmt":"2025-05-20T21:43:31","slug":"vereador-silvio-nascimento-solicita-cobertura-do-canal-das-feiras-de-importados-e-flores-de-caruaru","status":"publish","type":"post","link":"https:\/\/blogdoedvaldomagalhaes.com.br\/index.php\/2025\/05\/20\/vereador-silvio-nascimento-solicita-cobertura-do-canal-das-feiras-de-importados-e-flores-de-caruaru\/","title":{"rendered":"Vereador Silvio Nascimento, solicita cobertura do canal das feiras de Importados e flores de Caruaru"},"content":{"rendered":"<p>O vereador Silvio Nascimento (PL), solicitou a limpeza, capina\u00e7\u00e3o e cobertura, do canal que corta as feiras de importados e de flores no Parque 18 de maio. Essa \u00e9 mais uma a\u00e7\u00e3o que o edil faz, buscando melhorias em rela\u00e7\u00e3o a infraestrutura da feira de confec\u00e7\u00f5es de Caruaru, para que compradores e vendedores tenham mais comodidade, al\u00e9m de promover sa\u00fade preventiva e valorizar uma \u00e1rea de grande movimenta\u00e7\u00e3o econ\u00f4mica. Nosso objetivo \u00e9 garantir melhores condi\u00e7\u00f5es de trabalho, seguran\u00e7a sanit\u00e1ria e dignidade \u00e0 popula\u00e7\u00e3o que frequenta e depende desse espa\u00e7o. <\/p>\n<p>Muitos s\u00e3o os problemas em rela\u00e7\u00e3o ao canal, como exemplo do mau cheiro, mato alto, mosquitos e at\u00e9 focos de dengue. Assim, encaminhamos o requerimento ao prefeito e aos secret\u00e1rios respons\u00e1veis, para que as medidas cab\u00edveis sejam analisadas e as a\u00e7\u00f5es efetuadas com mais brevidade. \u201cEsperamos que esse pedido da capina\u00e7\u00e3o e limpeza, mas principalmente a cobertura do canal da feira, saia o mais r\u00e1pido poss\u00edvel do papel. A feira de confec\u00e7\u00f5es \u00e9 um dos cora\u00e7\u00f5es de Caruaru. Vamos cuidar de quem faz ela pulsar todos os dias!\u201d, comentou o vereador Silvio Nascimento.<br \/>\nSiga o Instagram do Blog pelo @blogdoedvaldomagalhaes<br \/>\nFoto: Divulga\u00e7\u00e3o <\/p>\n","protected":false},"excerpt":{"rendered":"<p>O vereador Silvio Nascimento (PL), solicitou a limpeza, capina\u00e7\u00e3o e cobertura, do canal que corta as feiras de importados e&hellip;<\/p>\n","protected":false},"author":1,"featured_media":119695,"comment_status":"closed","ping_status":"open","sticky":false,"template":"","format":"standard","meta":{"footnotes":""},"categories":[14122],"tags":[29440,27410,13146,28801,20,33654],"class_list":["post-119694","post","type-post","status-publish","format-standard","has-post-thumbnail","hentry","category-politica","tag-blog-com-mais-visualizacao","tag-blog-de-caruaru","tag-blog-edvaldo-magalhaes","tag-blog-mais-acessado","tag-politica","tag-vereador-silvio-nascimento-solicita-cobertura-do-canal-das-feiras-de-importados-e-flores-de-caruaru"],"_links":{"self":[{"href":"https:\/\/blogdoedvaldomagalhaes.com.br\/index.php\/wp-json\/wp\/v2\/posts\/119694","targetHints":{"allow":["GET"]}}],"collection":[{"href":"https:\/\/blogdoedvaldomagalhaes.com.br\/index.php\/wp-json\/wp\/v2\/posts"}],"about":[{"href":"https:\/\/blogdoedvaldomagalhaes.com.br\/index.php\/wp-json\/wp\/v2\/types\/post"}],"author":[{"embeddable":true,"href":"https:\/\/blogdoedvaldomagalhaes.com.br\/index.php\/wp-json\/wp\/v2\/users\/1"}],"replies":[{"embeddable":true,"href":"https:\/\/blogdoedvaldomagalhaes.com.br\/index.php\/wp-json\/wp\/v2\/comments?post=119694"}],"version-history":[{"count":1,"href":"https:\/\/blogdoedvaldomagalhaes.com.br\/index.php\/wp-json\/wp\/v2\/posts\/119694\/revisions"}],"predecessor-version":[{"id":119696,"href":"https:\/\/blogdoedvaldomagalhaes.com.br\/index.php\/wp-json\/wp\/v2\/posts\/119694\/revisions\/119696"}],"wp:featuredmedia":[{"embeddable":true,"href":"https:\/\/blogdoedvaldomagalhaes.com.br\/index.php\/wp-json\/wp\/v2\/media\/119695"}],"wp:attachment":[{"href":"https:\/\/blogdoedvaldomagalhaes.com.br\/index.php\/wp-json\/wp\/v2\/media?parent=119694"}],"wp:term":[{"taxonomy":"category","embeddable":true,"href":"https:\/\/blogdoedvaldomagalhaes.com.br\/index.php\/wp-json\/wp\/v2\/categories?post=119694"},{"taxonomy":"post_tag","embeddable":true,"href":"https:\/\/blogdoedvaldomagalhaes.com.br\/index.php\/wp-json\/wp\/v2\/tags?post=119694"}],"curies":[{"name":"wp","href":"https:\/\/api.w.org\/{rel}","templated":true}]}}