{"id":119691,"date":"2025-05-20T18:25:11","date_gmt":"2025-05-20T21:25:11","guid":{"rendered":"https:\/\/blogdoedvaldomagalhaes.com.br\/?p=119691"},"modified":"2025-05-20T18:25:11","modified_gmt":"2025-05-20T21:25:11","slug":"parabens-rodrigo-pinheiro-por-jorge-quintino","status":"publish","type":"post","link":"https:\/\/blogdoedvaldomagalhaes.com.br\/index.php\/2025\/05\/20\/parabens-rodrigo-pinheiro-por-jorge-quintino\/","title":{"rendered":"PARAB\u00c9NS, RODRIGO PINHEIRO! &#8211; Por Jorge Quintino"},"content":{"rendered":"<p>O prefeito de Caruaru, Rodrigo Pinheiro, segue bem avaliado pela popula\u00e7\u00e3o. Pesquisa do Instituto DataTrends, realizada nos dias 13 e 14 de maio, aponta que 63% dos entrevistados aprovam sua gest\u00e3o. Apenas 32% desaprovam, e 5% n\u00e3o souberam ou n\u00e3o responderam. O levantamento ouviu 1.000 eleitores e tem margem de erro de 3,1 pontos percentuais.<\/p>\n<p>Esses n\u00fameros confirmam o que se v\u00ea nas ruas: Caruaru est\u00e1 no rumo certo. A aprova\u00e7\u00e3o \u00e9 reflexo de uma gest\u00e3o dedicada, planejada e comprometida com as reais necessidades da popula\u00e7\u00e3o.<\/p>\n<p>Desde o in\u00edcio do mandato, Rodrigo tem investido em obras estruturantes, melhorias na mobilidade urbana, expans\u00e3o dos servi\u00e7os de sa\u00fade e educa\u00e7\u00e3o, e aten\u00e7\u00e3o especial \u00e0 zona rural. A cidade avan\u00e7a com mais qualidade de vida, desenvolvimento e inclus\u00e3o social.<\/p>\n<p>Rodrigo Pinheiro tem se destacado pelo di\u00e1logo com a comunidade, responsabilidade fiscal e foco nas pessoas. Em agradecimento, ele afirmou:<\/p>\n<p>\u201cIsso tudo \u00e9 resultado da dedica\u00e7\u00e3o di\u00e1ria e incans\u00e1vel para fazer Caruaru crescer. Agrade\u00e7o pela confian\u00e7a. Vamos continuar avan\u00e7ando com mais obras, cuidado com as pessoas e desenvolvimento para toda a cidade e a zona rural.\u201d<\/p>\n<p>Esse reconhecimento popular \u00e9 fruto de uma gest\u00e3o presente, eficiente e humana.<\/p>\n<p>Parab\u00e9ns, Rodrigo Pinheiro! Caruaru reconhece e agradece. O futuro da nossa cidade segue firme e avan\u00e7ando em boas m\u00e3os.<\/p>\n<p>Jorge Quintino \u00e9 vereador de Caruaru.<br \/>\nSiga o Instagram do Blog e comente pelo @blogdoedvaldomagalhaes<br \/>\nFoto: Divulga\u00e7\u00e3o <\/p>\n","protected":false},"excerpt":{"rendered":"<p>O prefeito de Caruaru, Rodrigo Pinheiro, segue bem avaliado pela popula\u00e7\u00e3o. Pesquisa do Instituto DataTrends, realizada nos dias 13 e&hellip;<\/p>\n","protected":false},"author":1,"featured_media":119692,"comment_status":"closed","ping_status":"open","sticky":false,"template":"","format":"standard","meta":{"footnotes":""},"categories":[1],"tags":[],"class_list":["post-119691","post","type-post","status-publish","format-standard","has-post-thumbnail","hentry","category-sem-categoria"],"_links":{"self":[{"href":"https:\/\/blogdoedvaldomagalhaes.com.br\/index.php\/wp-json\/wp\/v2\/posts\/119691","targetHints":{"allow":["GET"]}}],"collection":[{"href":"https:\/\/blogdoedvaldomagalhaes.com.br\/index.php\/wp-json\/wp\/v2\/posts"}],"about":[{"href":"https:\/\/blogdoedvaldomagalhaes.com.br\/index.php\/wp-json\/wp\/v2\/types\/post"}],"author":[{"embeddable":true,"href":"https:\/\/blogdoedvaldomagalhaes.com.br\/index.php\/wp-json\/wp\/v2\/users\/1"}],"replies":[{"embeddable":true,"href":"https:\/\/blogdoedvaldomagalhaes.com.br\/index.php\/wp-json\/wp\/v2\/comments?post=119691"}],"version-history":[{"count":1,"href":"https:\/\/blogdoedvaldomagalhaes.com.br\/index.php\/wp-json\/wp\/v2\/posts\/119691\/revisions"}],"predecessor-version":[{"id":119693,"href":"https:\/\/blogdoedvaldomagalhaes.com.br\/index.php\/wp-json\/wp\/v2\/posts\/119691\/revisions\/119693"}],"wp:featuredmedia":[{"embeddable":true,"href":"https:\/\/blogdoedvaldomagalhaes.com.br\/index.php\/wp-json\/wp\/v2\/media\/119692"}],"wp:attachment":[{"href":"https:\/\/blogdoedvaldomagalhaes.com.br\/index.php\/wp-json\/wp\/v2\/media?parent=119691"}],"wp:term":[{"taxonomy":"category","embeddable":true,"href":"https:\/\/blogdoedvaldomagalhaes.com.br\/index.php\/wp-json\/wp\/v2\/categories?post=119691"},{"taxonomy":"post_tag","embeddable":true,"href":"https:\/\/blogdoedvaldomagalhaes.com.br\/index.php\/wp-json\/wp\/v2\/tags?post=119691"}],"curies":[{"name":"wp","href":"https:\/\/api.w.org\/{rel}","templated":true}]}}