{"id":119688,"date":"2025-05-20T18:20:40","date_gmt":"2025-05-20T21:20:40","guid":{"rendered":"https:\/\/blogdoedvaldomagalhaes.com.br\/?p=119688"},"modified":"2025-05-20T18:20:40","modified_gmt":"2025-05-20T21:20:40","slug":"um-fim-de-semana-de-emocao-e-gratidao-festa-das-maes-no-bairro-agamenon-magalhaes-com-o-centro-social-caruaru-e-o-vereador-junior-letal-foi-um-sucesso","status":"publish","type":"post","link":"https:\/\/blogdoedvaldomagalhaes.com.br\/index.php\/2025\/05\/20\/um-fim-de-semana-de-emocao-e-gratidao-festa-das-maes-no-bairro-agamenon-magalhaes-com-o-centro-social-caruaru-e-o-vereador-junior-letal-foi-um-sucesso\/","title":{"rendered":"Um fim de semana de Emo\u00e7\u00e3o e Gratid\u00e3o: Festa das M\u00e3es no Bairro Agamenon Magalh\u00e3es com o Centro Social Caruaru e o Vereador J\u00fanior Letal foi um sucesso"},"content":{"rendered":"<p>O amor de m\u00e3e foi celebrado em grande estilo! O Centro Social Caruaru, em parceria com o vereador J\u00fanior Letal, realizou uma emocionante e inesquec\u00edvel festa em homenagem ao M\u00eas das M\u00e3es, especialmente dedicada \u00e0s m\u00e3es do Bairro Agamenon Magalh\u00e3es e toda Cidade Alta.<\/p>\n<p>O evento, marcado por emo\u00e7\u00e3o, alegria e reconhecimento, reuniu centenas de m\u00e3es que foram calorosamente homenageadas. Entre as atra\u00e7\u00f5es, apresenta\u00e7\u00f5es culturais e art\u00edsticas encantaram o p\u00fablico, com destaque para as crian\u00e7as do Bal\u00e9 do Centro Social, que trouxeram beleza, sensibilidade e carinho em cada movimento.<\/p>\n<p>Foi um dia de surpresas e gratid\u00e3o. Brindes doados por parceiros do Centro Social foram entregues \u00e0s m\u00e3es, que participaram com brilho nos olhos e sorriso no rosto. O sentimento era um s\u00f3: gratid\u00e3o por tudo que elas representam \u2014 for\u00e7a, cuidado e amor incondicional.<\/p>\n<p>A festa reafirmou o compromisso do Centro Social Caruaru e do vereador J\u00fanior Letal com a valoriza\u00e7\u00e3o das fam\u00edlias e com o fortalecimento dos la\u00e7os comunit\u00e1rios. Um gesto simples, mas cheio de significado, que tocou o cora\u00e7\u00e3o de todos os presentes. Foto: Divulga\u00e7\u00e3o<br \/>\nSiga o Instagram do Blog pelo @blogdoedvaldomagalhaes<\/p>\n","protected":false},"excerpt":{"rendered":"<p>O amor de m\u00e3e foi celebrado em grande estilo! O Centro Social Caruaru, em parceria com o vereador J\u00fanior Letal,&hellip;<\/p>\n","protected":false},"author":1,"featured_media":119689,"comment_status":"closed","ping_status":"open","sticky":false,"template":"","format":"standard","meta":{"footnotes":""},"categories":[14122],"tags":[30592,2,28801,20,33653],"class_list":["post-119688","post","type-post","status-publish","format-standard","has-post-thumbnail","hentry","category-politica","tag-blog-com-mais-seguidores","tag-blog-do-edvaldo-magalhaes","tag-blog-mais-acessado","tag-politica","tag-um-fim-de-semana-de-emocao-e-gratidao-festa-das-maes-no-bairro-agamenon-magalhaes-com-o-centro-social-caruaru-e-o-vereador-junior-letal-foi-um-sucesso"],"_links":{"self":[{"href":"https:\/\/blogdoedvaldomagalhaes.com.br\/index.php\/wp-json\/wp\/v2\/posts\/119688","targetHints":{"allow":["GET"]}}],"collection":[{"href":"https:\/\/blogdoedvaldomagalhaes.com.br\/index.php\/wp-json\/wp\/v2\/posts"}],"about":[{"href":"https:\/\/blogdoedvaldomagalhaes.com.br\/index.php\/wp-json\/wp\/v2\/types\/post"}],"author":[{"embeddable":true,"href":"https:\/\/blogdoedvaldomagalhaes.com.br\/index.php\/wp-json\/wp\/v2\/users\/1"}],"replies":[{"embeddable":true,"href":"https:\/\/blogdoedvaldomagalhaes.com.br\/index.php\/wp-json\/wp\/v2\/comments?post=119688"}],"version-history":[{"count":1,"href":"https:\/\/blogdoedvaldomagalhaes.com.br\/index.php\/wp-json\/wp\/v2\/posts\/119688\/revisions"}],"predecessor-version":[{"id":119690,"href":"https:\/\/blogdoedvaldomagalhaes.com.br\/index.php\/wp-json\/wp\/v2\/posts\/119688\/revisions\/119690"}],"wp:featuredmedia":[{"embeddable":true,"href":"https:\/\/blogdoedvaldomagalhaes.com.br\/index.php\/wp-json\/wp\/v2\/media\/119689"}],"wp:attachment":[{"href":"https:\/\/blogdoedvaldomagalhaes.com.br\/index.php\/wp-json\/wp\/v2\/media?parent=119688"}],"wp:term":[{"taxonomy":"category","embeddable":true,"href":"https:\/\/blogdoedvaldomagalhaes.com.br\/index.php\/wp-json\/wp\/v2\/categories?post=119688"},{"taxonomy":"post_tag","embeddable":true,"href":"https:\/\/blogdoedvaldomagalhaes.com.br\/index.php\/wp-json\/wp\/v2\/tags?post=119688"}],"curies":[{"name":"wp","href":"https:\/\/api.w.org\/{rel}","templated":true}]}}