{"id":119684,"date":"2025-05-20T17:08:24","date_gmt":"2025-05-20T20:08:24","guid":{"rendered":"https:\/\/blogdoedvaldomagalhaes.com.br\/?p=119684"},"modified":"2025-05-20T18:08:33","modified_gmt":"2025-05-20T21:08:33","slug":"encontro-de-comidas-gigantes-de-caruaru-reune-45-comidas-nesta-quarta-feira-21","status":"publish","type":"post","link":"https:\/\/blogdoedvaldomagalhaes.com.br\/index.php\/2025\/05\/20\/encontro-de-comidas-gigantes-de-caruaru-reune-45-comidas-nesta-quarta-feira-21\/","title":{"rendered":"Encontro de Comidas Gigantes de Caruaru re\u00fane 45 comidas nesta quarta-feira (21)"},"content":{"rendered":"<p>Conhecido como o Maior e Melhor do Mundo, o S\u00e3o Jo\u00e3o de Caruaru tem como uma das marcas de sua grandeza as Comidas Gigantes. Entre abril e julho, mais de 65 festas s\u00e3o realizadas em diversos bairros da cidade, fortalecendo a descentraliza\u00e7\u00e3o do evento e a valoriza\u00e7\u00e3o da culin\u00e1ria t\u00edpica. Para celebrar essa tradi\u00e7\u00e3o, uma importante marca do calend\u00e1rio \u00e9 o Encontro das Comidas Gigantes, que re\u00fane diversos representantes das festividades em um dia de muita festa e celebra\u00e7\u00e3o.<\/p>\n<p>Neste ano, o evento acontece nesta quarta-feira (21), a partir das 19h, na Rua Bar\u00e3o de Itamarac\u00e1, no bairro Indian\u00f3polis. Al\u00e9m de 45 comidas t\u00edpicas reunidas, a festa contar\u00e1 com shows do Trio Vozes da Seca e do grupo Rei do Canga\u00e7o, que apresentar\u00e3o um repert\u00f3rio de forr\u00f3 tradicional para fortalecer ainda mais a cultura popular. Al\u00e9m disso, a edi\u00e7\u00e3o homenageia os 15 anos do Bolo de Milho Gigante, uma das festas mais tradicionais da cidade.<\/p>\n<p>\u201c\u00c9 uma festa muito bonita, perfeita para toda a fam\u00edlia, al\u00e9m de uma oportunidade de valorizar essa tradi\u00e7\u00e3o t\u00e3o especial do nosso S\u00e3o Jo\u00e3o e provar v\u00e1rias comidas t\u00edpicas que fazem parte da nossa identidade\u201d, celebrou o Presidente da Funda\u00e7\u00e3o de Cultura, H\u00e9rlon Cavalcanti.<br \/>\nSeja seguidor do Instagram do Blog pelo @blogdoedvaldomagalhses<\/p>\n","protected":false},"excerpt":{"rendered":"<p>Conhecido como o Maior e Melhor do Mundo, o S\u00e3o Jo\u00e3o de Caruaru tem como uma das marcas de sua&hellip;<\/p>\n","protected":false},"author":1,"featured_media":119686,"comment_status":"closed","ping_status":"open","sticky":false,"template":"","format":"standard","meta":{"footnotes":""},"categories":[14120],"tags":[29440,27410,2,28801,33652,6758],"class_list":["post-119684","post","type-post","status-publish","format-standard","has-post-thumbnail","hentry","category-noticias","tag-blog-com-mais-visualizacao","tag-blog-de-caruaru","tag-blog-do-edvaldo-magalhaes","tag-blog-mais-acessado","tag-encontro-de-comidas-gigantes-de-caruaru-reune-45-comidas-nesta-quarta-feira-21","tag-sao-joao"],"_links":{"self":[{"href":"https:\/\/blogdoedvaldomagalhaes.com.br\/index.php\/wp-json\/wp\/v2\/posts\/119684","targetHints":{"allow":["GET"]}}],"collection":[{"href":"https:\/\/blogdoedvaldomagalhaes.com.br\/index.php\/wp-json\/wp\/v2\/posts"}],"about":[{"href":"https:\/\/blogdoedvaldomagalhaes.com.br\/index.php\/wp-json\/wp\/v2\/types\/post"}],"author":[{"embeddable":true,"href":"https:\/\/blogdoedvaldomagalhaes.com.br\/index.php\/wp-json\/wp\/v2\/users\/1"}],"replies":[{"embeddable":true,"href":"https:\/\/blogdoedvaldomagalhaes.com.br\/index.php\/wp-json\/wp\/v2\/comments?post=119684"}],"version-history":[{"count":2,"href":"https:\/\/blogdoedvaldomagalhaes.com.br\/index.php\/wp-json\/wp\/v2\/posts\/119684\/revisions"}],"predecessor-version":[{"id":119687,"href":"https:\/\/blogdoedvaldomagalhaes.com.br\/index.php\/wp-json\/wp\/v2\/posts\/119684\/revisions\/119687"}],"wp:featuredmedia":[{"embeddable":true,"href":"https:\/\/blogdoedvaldomagalhaes.com.br\/index.php\/wp-json\/wp\/v2\/media\/119686"}],"wp:attachment":[{"href":"https:\/\/blogdoedvaldomagalhaes.com.br\/index.php\/wp-json\/wp\/v2\/media?parent=119684"}],"wp:term":[{"taxonomy":"category","embeddable":true,"href":"https:\/\/blogdoedvaldomagalhaes.com.br\/index.php\/wp-json\/wp\/v2\/categories?post=119684"},{"taxonomy":"post_tag","embeddable":true,"href":"https:\/\/blogdoedvaldomagalhaes.com.br\/index.php\/wp-json\/wp\/v2\/tags?post=119684"}],"curies":[{"name":"wp","href":"https:\/\/api.w.org\/{rel}","templated":true}]}}