{"id":119656,"date":"2025-05-20T09:15:30","date_gmt":"2025-05-20T12:15:30","guid":{"rendered":"https:\/\/blogdoedvaldomagalhaes.com.br\/?p=119656"},"modified":"2025-05-20T09:15:30","modified_gmt":"2025-05-20T12:15:30","slug":"pm-apreende-armas-de-quadrilha-de-homicidas","status":"publish","type":"post","link":"https:\/\/blogdoedvaldomagalhaes.com.br\/index.php\/2025\/05\/20\/pm-apreende-armas-de-quadrilha-de-homicidas\/","title":{"rendered":"PM apreende armas de quadrilha de homicidas"},"content":{"rendered":"<p>Policiais militares do 13\u00ba BPM realizaram uma importante apreens\u00e3o de armas, no final da noite de segunda-feira (19\/05). Segundo informa\u00e7\u00f5es levantadas pelo efetivo, o material vinha sendo utilizado em homic\u00eddios e tentativas nos bairros da Campina do Barreto, Arruda e vizinhan\u00e7a.<\/p>\n<p>Um ve\u00edculo com as caracter\u00edsticas levantadas como de uso da quadrilha foi localizado e, apesar das ordens de parada, houve tentativa de fuga, dando in\u00edcio a um acompanhamento, que s\u00f3 terminou quando o condutor perdeu o controle do carro, batendo em uma mureta.<\/p>\n<p>Os ocupantes conseguiram escapar a p\u00e9 para lugar ignorado, mas foram obrigados a deixar para tr\u00e1s farto material: dois rev\u00f3lveres calibre .38 e outro calibre .32, uma espingarda calibre 12, sete balaclavas e 24 muni\u00e7\u00f5es para as armas. Tudo foi entregue na Central de Plant\u00f5es da Capital, para ado\u00e7\u00e3o das medidas cab\u00edveis para formaliza\u00e7\u00e3o da apreens\u00e3o.<br \/>\nSeja seguidor do Instagram do Blog pelo @blogdoedvaldomagalhaes<br \/>\nFoto: Divulga\u00e7\u00e3o\/PMPE<\/p>\n","protected":false},"excerpt":{"rendered":"<p>Policiais militares do 13\u00ba BPM realizaram uma importante apreens\u00e3o de armas, no final da noite de segunda-feira (19\/05). Segundo informa\u00e7\u00f5es&hellip;<\/p>\n","protected":false},"author":1,"featured_media":119657,"comment_status":"closed","ping_status":"open","sticky":false,"template":"","format":"standard","meta":{"footnotes":""},"categories":[14121],"tags":[28803,27410,2,28801,33645],"class_list":["post-119656","post","type-post","status-publish","format-standard","has-post-thumbnail","hentry","category-policial","tag-blog-com-mais-visualizacoes","tag-blog-de-caruaru","tag-blog-do-edvaldo-magalhaes","tag-blog-mais-acessado","tag-pm-apreende-armas-de-quadrilha-de-homicidas"],"_links":{"self":[{"href":"https:\/\/blogdoedvaldomagalhaes.com.br\/index.php\/wp-json\/wp\/v2\/posts\/119656","targetHints":{"allow":["GET"]}}],"collection":[{"href":"https:\/\/blogdoedvaldomagalhaes.com.br\/index.php\/wp-json\/wp\/v2\/posts"}],"about":[{"href":"https:\/\/blogdoedvaldomagalhaes.com.br\/index.php\/wp-json\/wp\/v2\/types\/post"}],"author":[{"embeddable":true,"href":"https:\/\/blogdoedvaldomagalhaes.com.br\/index.php\/wp-json\/wp\/v2\/users\/1"}],"replies":[{"embeddable":true,"href":"https:\/\/blogdoedvaldomagalhaes.com.br\/index.php\/wp-json\/wp\/v2\/comments?post=119656"}],"version-history":[{"count":1,"href":"https:\/\/blogdoedvaldomagalhaes.com.br\/index.php\/wp-json\/wp\/v2\/posts\/119656\/revisions"}],"predecessor-version":[{"id":119658,"href":"https:\/\/blogdoedvaldomagalhaes.com.br\/index.php\/wp-json\/wp\/v2\/posts\/119656\/revisions\/119658"}],"wp:featuredmedia":[{"embeddable":true,"href":"https:\/\/blogdoedvaldomagalhaes.com.br\/index.php\/wp-json\/wp\/v2\/media\/119657"}],"wp:attachment":[{"href":"https:\/\/blogdoedvaldomagalhaes.com.br\/index.php\/wp-json\/wp\/v2\/media?parent=119656"}],"wp:term":[{"taxonomy":"category","embeddable":true,"href":"https:\/\/blogdoedvaldomagalhaes.com.br\/index.php\/wp-json\/wp\/v2\/categories?post=119656"},{"taxonomy":"post_tag","embeddable":true,"href":"https:\/\/blogdoedvaldomagalhaes.com.br\/index.php\/wp-json\/wp\/v2\/tags?post=119656"}],"curies":[{"name":"wp","href":"https:\/\/api.w.org\/{rel}","templated":true}]}}