{"id":119653,"date":"2025-05-19T22:21:00","date_gmt":"2025-05-20T01:21:00","guid":{"rendered":"https:\/\/blogdoedvaldomagalhaes.com.br\/?p=119653"},"modified":"2025-05-19T22:21:00","modified_gmt":"2025-05-20T01:21:00","slug":"morar-bem-pe-reforma-no-lar-chega-ao-interior-do-estado-e-vai-beneficiar-10-mil-familias","status":"publish","type":"post","link":"https:\/\/blogdoedvaldomagalhaes.com.br\/index.php\/2025\/05\/19\/morar-bem-pe-reforma-no-lar-chega-ao-interior-do-estado-e-vai-beneficiar-10-mil-familias\/","title":{"rendered":"Morar Bem PE: Reforma no Lar chega ao interior do Estado e vai beneficiar 10 mil fam\u00edlias"},"content":{"rendered":"<p>_Iniciativa do Governo de Pernambuco subsidia em at\u00e9 R$ 18 mil servi\u00e7os de melhoria habitacional_<\/p>\n<p>O Governo de Pernambuco, por meio da Secretaria de Desenvolvimento Urbano e Habita\u00e7\u00e3o (Seduh-PE) e da Companhia Estadual de Habita\u00e7\u00e3o e Obras (Cehab), tornou p\u00fablica a abertura de licita\u00e7\u00e3o para contrata\u00e7\u00e3o de empresas para presta\u00e7\u00e3o de servi\u00e7os de reformas em 10 mil unidades habitacionais. Os servi\u00e7os v\u00e3o integrar a segunda etapa da modalidade Reforma no Lar do programa Morar Bem PE, beneficiando fam\u00edlias de comunidades em contextos de vulnerabilidades sociais na Zona da Mata, Agreste Central, Sert\u00e3o Central, Sert\u00e3o do S\u00e3o Francisco e Regi\u00e3o Metropolitana do Recife (RMR).  <\/p>\n<p>\u201cAgora os pernambucanos e pernambucanas do interior do Estado v\u00e3o ter as suas vidas impactadas pelo Reforma no Lar, modalidade do Morar Bem PE que tem feito tanto por tantas fam\u00edlias do Grande Recife. Todos sabemos o quanto o acesso \u00e0 moradia digna \u00e9 importante, mas garantir que as pessoas tenham conforto e seguran\u00e7a nas suas casas para n\u00f3s tamb\u00e9m \u00e9 fundamental. Ajudar nosso povo a realizar esse sonho \u00e9 o que nos move e nos motiva sempre\u201d, afirmou a governadora Raquel Lyra.<\/p>\n<p>O Reforma no Lar \u00e9 uma iniciativa do Governo de Pernambuco que subsidia em at\u00e9 R$ 18 mil  servi\u00e7os de melhoria habitacional. O objetivo \u00e9 melhorar as condi\u00e7\u00f5es de habitabilidade, funcionalidade e est\u00e9tica das casas, com apoio financeiro em trabalhos que podem ser de: pintura, reboco de parede, mudan\u00e7a em c\u00f4modos e instala\u00e7\u00e3o de portas e kits sanit\u00e1rios, al\u00e9m de benfeitorias de infraestrutura el\u00e9trica e hidr\u00e1ulica. <\/p>\n<p>A inadequa\u00e7\u00e3o de edifica\u00e7\u00f5es \u00e9 um dos crit\u00e9rios que comp\u00f5em o c\u00e1lculo do d\u00e9ficit habitacional. \u201cO problema da habita\u00e7\u00e3o \u00e9 complexo e n\u00e3o tem uma solu\u00e7\u00e3o simples. A diferen\u00e7a \u00e9 que agora o Estado resolveu enfrentar a quest\u00e3o, sem delegar ou esperar apenas as a\u00e7\u00f5es de Bras\u00edlia\u201d, afirmou a titular da Seduh, Simone Nunes. <\/p>\n<p>Na primeira etapa do Reforma no Lar, foram licitados quatro lotes, abrangendo \u00e1reas como Roda de Fogo, Peixinhos, Passarinho e Jardim Monte Verde, na Regi\u00e3o Metropolitana do Recife, com um investimento de cerca de R$ 50 milh\u00f5es para beneficiar 2.600 fam\u00edlias.  \u00c9 na RMR onde se concentra a maior parte dos domic\u00edlios com inadequa\u00e7\u00e3o. <\/p>\n<p>Nesta segunda etapa da modalidade, im\u00f3veis do interior do Estado tamb\u00e9m ser\u00e3o contemplados. \u201cDessa vez um volume quatro vezes maior do que a primeira licita\u00e7\u00e3o, onde ser\u00e3o contempladas dez mil fam\u00edlias em todo o Estado, chegando agora ao interior o sucesso que j\u00e1 existe na Regi\u00e3o Metropolitana\u201d, destacou Paulo Lira, diretor-presidente da Cehab. <\/p>\n<p>O edital completo e seus anexos estar\u00e3o dispon\u00edveis a partir desta segunda-feira (19), no site da Companhia Estadual de Habita\u00e7\u00e3o e Obras (www.cehab.pe.gov.br), na se\u00e7\u00e3o de licita\u00e7\u00f5es, e tamb\u00e9m presencialmente na sala da Comiss\u00e3o Especial de Licita\u00e7\u00e3o de Obras e Servi\u00e7os de Engenharia (Celose), localizada no 1\u00ba andar da sede da Cehab, na Rua Odorico Mendes, n\u00ba 700, sala 7, Campo Grande, Recife. D\u00favidas podem ser esclarecidas pelo telefone (81) 3182-7555 ou pelo e-mail celose@cehab.pe.gov.br.<\/p>\n<p>*MORAR BEM PE \u2013* Primeiro programa de habita\u00e7\u00e3o de interesse social da hist\u00f3ria de Pernambuco, o Morar Bem PE tem como principal objetivo proporcionar moradia digna para fam\u00edlias de baixa renda (com renda familiar m\u00e1xima de at\u00e9 dois sal\u00e1rios m\u00ednimos) de todas as regi\u00f5es do Estado. Desde 2023, ao todo, 27.437 fam\u00edlias j\u00e1 foram beneficiadas nas modalidades Entrada Garantida (10.711 contratos fechados), Retomada de Habitacionais (944 unidades entregues), Reforma no Lar (2.600 casas reformadas ou em processo para reforma) e Regulariza\u00e7\u00e3o Fundi\u00e1ria (10.825 t\u00edtulos de propriedade emitidos e 2.357 contratos assinados).<\/p>\n<p>As linhas de atua\u00e7\u00e3o do programa envolvem a\u00e7\u00f5es de regulariza\u00e7\u00e3o fundi\u00e1ria, retomada de obras paralisadas, reforma de casas e constru\u00e7\u00e3o de novos  habitacionais, impulsionando os recursos do programa Minha Casa, Minha Vida (MCMV), do governo federal, e com contrapartidas oriundas do Fundo Estadual de Habita\u00e7\u00e3o de Interesse Social (Fehis).<br \/>\nSeja seguidor do Instagram do Blog pelo @blogdoedvaldomagalhaes<br \/>\nFoto: Hes\u00edodo G\u00f3es\/Secom<\/p>\n","protected":false},"excerpt":{"rendered":"<p>_Iniciativa do Governo de Pernambuco subsidia em at\u00e9 R$ 18 mil servi\u00e7os de melhoria habitacional_ O Governo de Pernambuco, por&hellip;<\/p>\n","protected":false},"author":1,"featured_media":119654,"comment_status":"closed","ping_status":"open","sticky":false,"template":"","format":"standard","meta":{"footnotes":""},"categories":[14122],"tags":[30592,27410,13146,28801,33644,20,1229],"class_list":["post-119653","post","type-post","status-publish","format-standard","has-post-thumbnail","hentry","category-politica","tag-blog-com-mais-seguidores","tag-blog-de-caruaru","tag-blog-edvaldo-magalhaes","tag-blog-mais-acessado","tag-morar-bem-pe-reforma-no-lar-chega-ao-interior-do-estado-e-vai-beneficiar-10-mil-familias","tag-politica","tag-raquel-lyra"],"_links":{"self":[{"href":"https:\/\/blogdoedvaldomagalhaes.com.br\/index.php\/wp-json\/wp\/v2\/posts\/119653","targetHints":{"allow":["GET"]}}],"collection":[{"href":"https:\/\/blogdoedvaldomagalhaes.com.br\/index.php\/wp-json\/wp\/v2\/posts"}],"about":[{"href":"https:\/\/blogdoedvaldomagalhaes.com.br\/index.php\/wp-json\/wp\/v2\/types\/post"}],"author":[{"embeddable":true,"href":"https:\/\/blogdoedvaldomagalhaes.com.br\/index.php\/wp-json\/wp\/v2\/users\/1"}],"replies":[{"embeddable":true,"href":"https:\/\/blogdoedvaldomagalhaes.com.br\/index.php\/wp-json\/wp\/v2\/comments?post=119653"}],"version-history":[{"count":1,"href":"https:\/\/blogdoedvaldomagalhaes.com.br\/index.php\/wp-json\/wp\/v2\/posts\/119653\/revisions"}],"predecessor-version":[{"id":119655,"href":"https:\/\/blogdoedvaldomagalhaes.com.br\/index.php\/wp-json\/wp\/v2\/posts\/119653\/revisions\/119655"}],"wp:featuredmedia":[{"embeddable":true,"href":"https:\/\/blogdoedvaldomagalhaes.com.br\/index.php\/wp-json\/wp\/v2\/media\/119654"}],"wp:attachment":[{"href":"https:\/\/blogdoedvaldomagalhaes.com.br\/index.php\/wp-json\/wp\/v2\/media?parent=119653"}],"wp:term":[{"taxonomy":"category","embeddable":true,"href":"https:\/\/blogdoedvaldomagalhaes.com.br\/index.php\/wp-json\/wp\/v2\/categories?post=119653"},{"taxonomy":"post_tag","embeddable":true,"href":"https:\/\/blogdoedvaldomagalhaes.com.br\/index.php\/wp-json\/wp\/v2\/tags?post=119653"}],"curies":[{"name":"wp","href":"https:\/\/api.w.org\/{rel}","templated":true}]}}