{"id":119650,"date":"2025-05-19T22:16:33","date_gmt":"2025-05-20T01:16:33","guid":{"rendered":"https:\/\/blogdoedvaldomagalhaes.com.br\/?p=119650"},"modified":"2025-05-19T22:16:33","modified_gmt":"2025-05-20T01:16:33","slug":"em-brasilia-governadora-raquel-lyra-lidera-serie-de-encontros-com-prefeitos-pernambucanos","status":"publish","type":"post","link":"https:\/\/blogdoedvaldomagalhaes.com.br\/index.php\/2025\/05\/19\/em-brasilia-governadora-raquel-lyra-lidera-serie-de-encontros-com-prefeitos-pernambucanos\/","title":{"rendered":"Em Bras\u00edlia, governadora Raquel Lyra lidera s\u00e9rie de encontros com prefeitos pernambucanos"},"content":{"rendered":"<p>Dando continuidade \u00e0 agenda em Bras\u00edlia nesta segunda-feira (19), a governadora Raquel Lyra recebeu prefeitos de todas as regi\u00f5es do estado no escrit\u00f3rio de representa\u00e7\u00e3o do Governo de Pernambuco na capital federal, refor\u00e7ando o compromisso de di\u00e1logo aberto com os gestores locais.  A gestora cumpre agenda na capital federal, onde viajou para participar da 26\u00aa Marcha a Bras\u00edlia em Defesa dos Munic\u00edpios.<\/p>\n<p>&#8220;Temos o compromisso de ouvir, dialogar e construir solu\u00e7\u00f5es juntos, e este escrit\u00f3rio funciona como uma casa para os munic\u00edpios. Esse contato direto, seja no Recife ou aqui em Bras\u00edlia, fortalece as parcerias e garante que os recursos cheguem onde a popula\u00e7\u00e3o mais precisa. Pernambuco est\u00e1 de portas abertas para os prefeitos e prefeitas que querem transformar a realidade das suas cidades&#8221;, afirmou a governadora Raquel Lyra.<\/p>\n<p>A visita foi marcada por um momento de escuta e articula\u00e7\u00e3o com os gestores. J\u00fanior de Irm\u00e3 T\u00eaca, prefeito de Itapissuma, na Regi\u00e3o Metropolitana, destacou a postura municipalista do governo estadual. \u201cItapissuma deve muito ao Governo de Pernambuco e, nas \u00faltimas d\u00e9cadas, com certeza j\u00e1 \u00e9 a melhor parceria que o munic\u00edpio j\u00e1 viu\u201d, ressaltou.<\/p>\n<p>A prefeita de Lagoa Grande, no Sert\u00e3o, Catharina Garziera, tamb\u00e9m elogiou a postura de proximidade da gest\u00e3o. \u201cO Governo do Estado \u00e9 sempre muito municipalista e est\u00e1 sempre aberto a receber todos os munic\u00edpios de Pernambuco\u201d, afirmou. <\/p>\n<p>&#8220;Sempre somos muito bem atendidos por toda a equipe do Governo do Estado. N\u00e3o s\u00f3 l\u00e1 no Recife, onde a gente tem uma necessidade de ser acolhido, mas tamb\u00e9m agora aqui em Bras\u00edlia\u201d, disse Ca\u00edque O Galeguinho, prefeito de Angelim, no Agreste. <\/p>\n<p>*REUNI\u00d5ES EM BRAS\u00cdLIA* &#8211; Mais cedo, nesta segunda-feira (19), a  governadora Raquel Lyra se reuniu com o ministro da Casa Civil, Rui Costa, com quem discutiu parcerias estrat\u00e9gicas de Pernambuco com o governo federal. No encontro, a gestora e o ministro trataram da Adutora do Agreste, do Projeto de Integra\u00e7\u00e3o do S\u00e3o Francisco (PISF) e da conclus\u00e3o das obras da Barragem de Igarapeba, no munic\u00edpio de S\u00e3o Benedito do Sul, na Zona da Mata Sul.<\/p>\n<p>Durante o encontro, a governadora destacou a urg\u00eancia na libera\u00e7\u00e3o de recursos federais para a conclus\u00e3o da primeira etapa da Adutora do Agreste, que atualmente atende cerca de 800 mil pessoas. Tamb\u00e9m foi solicitado o refor\u00e7o imediato da Opera\u00e7\u00e3o Carro-Pipa, diante das previs\u00f5es de estiagem prolongada em 2025.<br \/>\nSiga o Instagram do Blog pelo @blogdoedvaldomagalhaes<br \/>\nFoto: Hes\u00edodo G\u00f3es\/Secom<\/p>\n","protected":false},"excerpt":{"rendered":"<p>Dando continuidade \u00e0 agenda em Bras\u00edlia nesta segunda-feira (19), a governadora Raquel Lyra recebeu prefeitos de todas as regi\u00f5es do&hellip;<\/p>\n","protected":false},"author":1,"featured_media":119651,"comment_status":"closed","ping_status":"open","sticky":false,"template":"","format":"standard","meta":{"footnotes":""},"categories":[14122],"tags":[29440,28801,29049,33643,20,1229],"class_list":["post-119650","post","type-post","status-publish","format-standard","has-post-thumbnail","hentry","category-politica","tag-blog-com-mais-visualizacao","tag-blog-mais-acessado","tag-em-brasilia-2","tag-governadora-raquel-lyra-lidera-serie-de-encontros-com-prefeitos-pernambucanos","tag-politica","tag-raquel-lyra"],"_links":{"self":[{"href":"https:\/\/blogdoedvaldomagalhaes.com.br\/index.php\/wp-json\/wp\/v2\/posts\/119650","targetHints":{"allow":["GET"]}}],"collection":[{"href":"https:\/\/blogdoedvaldomagalhaes.com.br\/index.php\/wp-json\/wp\/v2\/posts"}],"about":[{"href":"https:\/\/blogdoedvaldomagalhaes.com.br\/index.php\/wp-json\/wp\/v2\/types\/post"}],"author":[{"embeddable":true,"href":"https:\/\/blogdoedvaldomagalhaes.com.br\/index.php\/wp-json\/wp\/v2\/users\/1"}],"replies":[{"embeddable":true,"href":"https:\/\/blogdoedvaldomagalhaes.com.br\/index.php\/wp-json\/wp\/v2\/comments?post=119650"}],"version-history":[{"count":1,"href":"https:\/\/blogdoedvaldomagalhaes.com.br\/index.php\/wp-json\/wp\/v2\/posts\/119650\/revisions"}],"predecessor-version":[{"id":119652,"href":"https:\/\/blogdoedvaldomagalhaes.com.br\/index.php\/wp-json\/wp\/v2\/posts\/119650\/revisions\/119652"}],"wp:featuredmedia":[{"embeddable":true,"href":"https:\/\/blogdoedvaldomagalhaes.com.br\/index.php\/wp-json\/wp\/v2\/media\/119651"}],"wp:attachment":[{"href":"https:\/\/blogdoedvaldomagalhaes.com.br\/index.php\/wp-json\/wp\/v2\/media?parent=119650"}],"wp:term":[{"taxonomy":"category","embeddable":true,"href":"https:\/\/blogdoedvaldomagalhaes.com.br\/index.php\/wp-json\/wp\/v2\/categories?post=119650"},{"taxonomy":"post_tag","embeddable":true,"href":"https:\/\/blogdoedvaldomagalhaes.com.br\/index.php\/wp-json\/wp\/v2\/tags?post=119650"}],"curies":[{"name":"wp","href":"https:\/\/api.w.org\/{rel}","templated":true}]}}